{"id":10018,"date":"2025-04-22T07:50:21","date_gmt":"2025-04-22T06:50:21","guid":{"rendered":"https:\/\/www.comiterhone13.fr\/?p=10018"},"modified":"2025-04-22T07:50:22","modified_gmt":"2025-04-22T06:50:22","slug":"louanne-peytour-sarah-louise-vernay-aux-portes-de-lequipe-de-france-de-rugby-a-xiii","status":"publish","type":"post","link":"https:\/\/www.comiterhone13.fr\/?p=10018","title":{"rendered":"Louanne Peytour &amp; Sarah-louise Vernay aux portes de l&rsquo;\u00e9quipe de France de Rugby \u00e0 XIII !"},"content":{"rendered":"\n<p>Elles n&rsquo;ont pu rencontrer les cigales du XIII Proven\u00e7al aujourd&rsquo;hui avec les <a href=\"https:\/\/www.facebook.com\/lionneslvrvvrl?__cft__[0]=AZVvb321FyPxMHxHhsuaivSBEPlFgAFmWT0HOr58pYAd5KOdeg3z5eSPUzL9UtBWWYtLMNHNiAr4ahzj6gaZuZClGeXxPw5Tai0AWAjgDyfignq58WjQnjLEXgieRX_2bJ6zuzso3w3hABOo-VnE621P3Z7pwoPdA_8KAURqQb8Wfg&amp;__tn__=-]K-R\">Lionnes VVRL<\/a> car en stage au CREPS de Toulouse Lespinet avec les filles candidates \u00e0 l&rsquo;\u00e9quipe de France de Rugby \u00e0 XIII. <\/p>\n\n\n\n<p>Le <a href=\"https:\/\/www.facebook.com\/comitedurhonerugbyaXIII?__cft__[0]=AZVvb321FyPxMHxHhsuaivSBEPlFgAFmWT0HOr58pYAd5KOdeg3z5eSPUzL9UtBWWYtLMNHNiAr4ahzj6gaZuZClGeXxPw5Tai0AWAjgDyfignq58WjQnjLEXgieRX_2bJ6zuzso3w3hABOo-VnE621P3Z7pwoPdA_8KAURqQb8Wfg&amp;__tn__=-]K-R\">Comit\u00e9 Rh\u00f4ne et M\u00e9tropole de Lyon rugby \u00e0 XIII<\/a> et la <a href=\"https:\/\/www.facebook.com\/liguerhonealpes13?__cft__[0]=AZVvb321FyPxMHxHhsuaivSBEPlFgAFmWT0HOr58pYAd5KOdeg3z5eSPUzL9UtBWWYtLMNHNiAr4ahzj6gaZuZClGeXxPw5Tai0AWAjgDyfignq58WjQnjLEXgieRX_2bJ6zuzso3w3hABOo-VnE621P3Z7pwoPdA_8KAURqQb8Wfg&amp;__tn__=-]K-R\">Ligue Auvergne-Rh\u00f4ne-Alpes rugby \u00e0 XIII<\/a> tiennent \u00e0 f\u00e9liciter Louanne et Sarah-Louise, toutes deux licenci\u00e9es au <a href=\"https:\/\/www.facebook.com\/VVRLXIII?__cft__[0]=AZVvb321FyPxMHxHhsuaivSBEPlFgAFmWT0HOr58pYAd5KOdeg3z5eSPUzL9UtBWWYtLMNHNiAr4ahzj6gaZuZClGeXxPw5Tai0AWAjgDyfignq58WjQnjLEXgieRX_2bJ6zuzso3w3hABOo-VnE621P3Z7pwoPdA_8KAURqQb8Wfg&amp;__tn__=-]K-R\">VVRL XIII &#8211; Vaulx en Velin Rugby League XIII<\/a> qui sont en route pour une carri\u00e8re prometteuse et sur les traces de Meissa Bouguessa et Yc\u00e8ne Sekmakdji deux Lionnes \u00e0 avoir d\u00e9j\u00e0 port\u00e9 le maillot tricolore. <\/p>\n\n\n\n<p>Le Club de VVRL esp\u00e8re r\u00e9cup\u00e9rer rapidement ses deux joueuses pour pr\u00e9parer la Finale de la Coupe de France DN qui aura lieu le 4 Mai prochain dans l&rsquo;Aude face au Treize Gascon. <img loading=\"lazy\" decoding=\"async\" height=\"16\" width=\"16\" src=\"https:\/\/static.xx.fbcdn.net\/images\/emoji.php\/v9\/tf0\/2\/16\/1f603.png\" alt=\"&#x1f603;\"><img loading=\"lazy\" decoding=\"async\" height=\"16\" width=\"16\" src=\"https:\/\/static.xx.fbcdn.net\/images\/emoji.php\/v9\/t9b\/2\/16\/1f44d.png\" alt=\"&#x1f44d;\"><img loading=\"lazy\" decoding=\"async\" height=\"16\" width=\"16\" src=\"https:\/\/static.xx.fbcdn.net\/images\/emoji.php\/v9\/t5f\/2\/16\/1f3c8.png\" alt=\"&#x1f3c8;\"><img loading=\"lazy\" decoding=\"async\" height=\"16\" width=\"16\" src=\"https:\/\/static.xx.fbcdn.net\/images\/emoji.php\/v9\/t6f\/2\/16\/1f602.png\" alt=\"&#x1f602;\"><\/p>\n\n\n\n<p><a href=\"https:\/\/www.facebook.com\/photo\/?fbid=10233477585435882&amp;set=a.3886310210568&amp;__cft__[0]=AZVvb321FyPxMHxHhsuaivSBEPlFgAFmWT0HOr58pYAd5KOdeg3z5eSPUzL9UtBWWYtLMNHNiAr4ahzj6gaZuZClGeXxPw5Tai0AWAjgDyfignq58WjQnjLEXgieRX_2bJ6zuzso3w3hABOo-VnE621P3Z7pwoPdA_8KAURqQb8Wfg&amp;__tn__=EH-R\"><\/a><\/p>\n\n\n\n<figure class=\"wp-block-image is-style-default\"><a href=\"https:\/\/www.facebook.com\/photo\/?fbid=10233477585435882&amp;set=a.3886310210568&amp;__cft__[0]=AZVvb321FyPxMHxHhsuaivSBEPlFgAFmWT0HOr58pYAd5KOdeg3z5eSPUzL9UtBWWYtLMNHNiAr4ahzj6gaZuZClGeXxPw5Tai0AWAjgDyfignq58WjQnjLEXgieRX_2bJ6zuzso3w3hABOo-VnE621P3Z7pwoPdA_8KAURqQb8Wfg&amp;__tn__=EH-R\"><img decoding=\"async\" src=\"https:\/\/scontent-mrs2-3.xx.fbcdn.net\/v\/t39.30808-6\/492085291_10233477585555885_6829398435865518216_n.jpg?stp=dst-jpg_s1080x2048_tt6&amp;_nc_cat=102&amp;ccb=1-7&amp;_nc_sid=127cfc&amp;_nc_ohc=kHy5Rcc05EkQ7kNvwECssnk&amp;_nc_oc=Adl6Grn8PA2DZpx8-gQjwdstu1hMY2b4UXyLO9jIfoSTrjL-AEFGSZosd36ufQWEupEuG4M_AHkVMj9mTOttUt1l&amp;_nc_zt=23&amp;_nc_ht=scontent-mrs2-3.xx&amp;_nc_gid=JzK4t5Oq4xjNJ5H9xJAacg&amp;oh=00_AfFIH0UvrsSIj9MPmZ2GGBRPXwSZ2INiidAb0rLkD1C8xA&amp;oe=680D124D\" alt=\"\"\/><\/a><\/figure>\n","protected":false},"excerpt":{"rendered":"<p>Elles n&rsquo;ont pu rencontrer les cigales du XIII Proven\u00e7al aujourd&rsquo;hui avec les Lionnes VVRL car en stage au CREPS de Toulouse Lespinet avec les filles candidates \u00e0 l&rsquo;\u00e9quipe de France de Rugby \u00e0 XIII.&#46;&#46;&#46;<\/p>\n","protected":false},"author":1,"featured_media":10019,"comment_status":"closed","ping_status":"closed","sticky":false,"template":"","format":"standard","meta":{"footnotes":""},"categories":[23,5],"tags":[101],"_links":{"self":[{"href":"https:\/\/www.comiterhone13.fr\/index.php?rest_route=\/wp\/v2\/posts\/10018"}],"collection":[{"href":"https:\/\/www.comiterhone13.fr\/index.php?rest_route=\/wp\/v2\/posts"}],"about":[{"href":"https:\/\/www.comiterhone13.fr\/index.php?rest_route=\/wp\/v2\/types\/post"}],"author":[{"embeddable":true,"href":"https:\/\/www.comiterhone13.fr\/index.php?rest_route=\/wp\/v2\/users\/1"}],"replies":[{"embeddable":true,"href":"https:\/\/www.comiterhone13.fr\/index.php?rest_route=%2Fwp%2Fv2%2Fcomments&post=10018"}],"version-history":[{"count":1,"href":"https:\/\/www.comiterhone13.fr\/index.php?rest_route=\/wp\/v2\/posts\/10018\/revisions"}],"predecessor-version":[{"id":10020,"href":"https:\/\/www.comiterhone13.fr\/index.php?rest_route=\/wp\/v2\/posts\/10018\/revisions\/10020"}],"wp:featuredmedia":[{"embeddable":true,"href":"https:\/\/www.comiterhone13.fr\/index.php?rest_route=\/wp\/v2\/media\/10019"}],"wp:attachment":[{"href":"https:\/\/www.comiterhone13.fr\/index.php?rest_route=%2Fwp%2Fv2%2Fmedia&parent=10018"}],"wp:term":[{"taxonomy":"category","embeddable":true,"href":"https:\/\/www.comiterhone13.fr\/index.php?rest_route=%2Fwp%2Fv2%2Fcategories&post=10018"},{"taxonomy":"post_tag","embeddable":true,"href":"https:\/\/www.comiterhone13.fr\/index.php?rest_route=%2Fwp%2Fv2%2Ftags&post=10018"}],"curies":[{"name":"wp","href":"https:\/\/api.w.org\/{rel}","templated":true}]}}