{"id":10418,"date":"2025-11-28T08:18:46","date_gmt":"2025-11-28T07:18:46","guid":{"rendered":"https:\/\/www.comiterhone13.fr\/?p=10418"},"modified":"2025-12-01T08:20:44","modified_gmt":"2025-12-01T07:20:44","slug":"sport-sante-compte-rendu-des-ateliers-silver-xiii-equilibre-a-francheville","status":"publish","type":"post","link":"https:\/\/www.comiterhone13.fr\/?p=10418","title":{"rendered":"SPORT-SANTE : COMPTE RENDU DES ATELIERS SILVER XIII EQUILIBRE A FRANCHEVILLE"},"content":{"rendered":"\n<p>Hier matin s&rsquo;est d\u00e9roul\u00e9e&nbsp;la 5e s\u00e9ance des ateliers Silver XIII \u00c9quilibre au gymnase Jean Boistard de Francheville&nbsp; avec 15 seniors.&nbsp; Les ateliers&nbsp; ont \u00e9t\u00e9 encha\u00een\u00e9s avec enthousiasme et dans la&nbsp; bonne humeur avec Christophe Chevalier l&rsquo;animateur et Jacques Cavezzan le pr\u00e9sident du Comit\u00e9 du Rh\u00f4ne de rugby \u00e0 XIII. Au menu, un programme compos\u00e9 d&rsquo;un \u00e9chauffement avec marche avec ballon, mont\u00e9e de&nbsp;genou, renforcement haut du corps, ateliers \u00e9quilibre et coordination, ateliers motricit\u00e9, atelier \u00e9quilibre en appui unipodal, et assouplissements. Les participants ont appr\u00e9ci\u00e9 la dynamique de ce&nbsp; programme qui repose sur une approche combinant une activit\u00e9 physique collective et adapt\u00e9e et une stimulation cognitive gr\u00e2ce \u00e0 des&nbsp;<strong>ateliers en double t\u00e2che<\/strong>. Cela constitue une vraie sp\u00e9cificit\u00e9&nbsp;qui a \u00e9t\u00e9 valid\u00e9e par des travaux de recherche au laboratoire Neurosciences de l&rsquo;universit\u00e9 de Lyon 1. &#8211;&nbsp; Ci-dessous un reportage photo de la seance de ce jour avec des seniors ravis de recevoir un Tshirt&nbsp;bleu offert par le Comit\u00e9 et remis par son pr\u00e9sident Jacques Cavezzan.&nbsp; &nbsp;&nbsp;Ci-dessous&nbsp; une publication r\u00e9cente de notre f\u00e9d\u00e9ration sur le programme Silver XIII \u00c9quilibre:&nbsp;<\/p>\n\n\n\n<p><strong>htttps:\/\/<a href=\"http:\/\/www.ffr13.fr\/silver-xiii-equilibre-prevenir-le-declin-cognitif-et-vieillir-en-bonne-sante-grace-au-rugby-a-xiii\/\" target=\"_blank\" rel=\"noreferrer noopener\">www.ffr13.fr\/silver-xiii-equilibre-pr\u00e9venir-le-declin-cognitif-et-vieillir-en-bonne-sante-grace-au-rugby-a-xiii\/<\/a><\/strong><\/p>\n\n\n\n<p>Prochain rendez vous:&nbsp;<strong>Jeudi prochain \u00e0 11h00 au gymnase Jean Boistard de Francheville.<\/strong><\/p>\n\n\n\n<figure class=\"wp-block-gallery has-nested-images columns-default is-cropped wp-block-gallery-1 is-layout-flex wp-block-gallery-is-layout-flex\">\n<figure class=\"wp-block-image size-large is-style-default\"><a href=\"https:\/\/www.comiterhone13.fr\/wp-content\/uploads\/2025\/12\/atelier-marche-et-Equilibre.jpg\"><img loading=\"lazy\" decoding=\"async\" width=\"1024\" height=\"768\" data-id=\"10430\" src=\"https:\/\/www.comiterhone13.fr\/wp-content\/uploads\/2025\/12\/atelier-marche-et-Equilibre-1024x768.jpg\" alt=\"\" class=\"wp-image-10430\" srcset=\"https:\/\/www.comiterhone13.fr\/wp-content\/uploads\/2025\/12\/atelier-marche-et-Equilibre-1024x768.jpg 1024w, https:\/\/www.comiterhone13.fr\/wp-content\/uploads\/2025\/12\/atelier-marche-et-Equilibre-300x225.jpg 300w, https:\/\/www.comiterhone13.fr\/wp-content\/uploads\/2025\/12\/atelier-marche-et-Equilibre-768x576.jpg 768w, https:\/\/www.comiterhone13.fr\/wp-content\/uploads\/2025\/12\/atelier-marche-et-Equilibre-1536x1151.jpg 1536w, https:\/\/www.comiterhone13.fr\/wp-content\/uploads\/2025\/12\/atelier-marche-et-Equilibre.jpg 1693w\" sizes=\"(max-width: 1024px) 100vw, 1024px\" \/><\/a><\/figure>\n\n\n\n<figure class=\"wp-block-image size-large is-style-default\"><a href=\"https:\/\/www.comiterhone13.fr\/wp-content\/uploads\/2025\/12\/atelier-marche-et-jet-de-ballons.jpg\"><img loading=\"lazy\" decoding=\"async\" width=\"1024\" height=\"768\" data-id=\"10421\" src=\"https:\/\/www.comiterhone13.fr\/wp-content\/uploads\/2025\/12\/atelier-marche-et-jet-de-ballons-1024x768.jpg\" alt=\"\" class=\"wp-image-10421\" srcset=\"https:\/\/www.comiterhone13.fr\/wp-content\/uploads\/2025\/12\/atelier-marche-et-jet-de-ballons-1024x768.jpg 1024w, https:\/\/www.comiterhone13.fr\/wp-content\/uploads\/2025\/12\/atelier-marche-et-jet-de-ballons-300x225.jpg 300w, https:\/\/www.comiterhone13.fr\/wp-content\/uploads\/2025\/12\/atelier-marche-et-jet-de-ballons-768x576.jpg 768w, https:\/\/www.comiterhone13.fr\/wp-content\/uploads\/2025\/12\/atelier-marche-et-jet-de-ballons.jpg 1451w\" sizes=\"(max-width: 1024px) 100vw, 1024px\" \/><\/a><\/figure>\n\n\n\n<figure class=\"wp-block-image size-large is-style-default\"><a href=\"https:\/\/www.comiterhone13.fr\/wp-content\/uploads\/2025\/12\/atelier-marche.jpg\"><img loading=\"lazy\" decoding=\"async\" width=\"1024\" height=\"768\" data-id=\"10428\" src=\"https:\/\/www.comiterhone13.fr\/wp-content\/uploads\/2025\/12\/atelier-marche-1024x768.jpg\" alt=\"\" class=\"wp-image-10428\" srcset=\"https:\/\/www.comiterhone13.fr\/wp-content\/uploads\/2025\/12\/atelier-marche-1024x768.jpg 1024w, https:\/\/www.comiterhone13.fr\/wp-content\/uploads\/2025\/12\/atelier-marche-300x225.jpg 300w, https:\/\/www.comiterhone13.fr\/wp-content\/uploads\/2025\/12\/atelier-marche-768x576.jpg 768w, https:\/\/www.comiterhone13.fr\/wp-content\/uploads\/2025\/12\/atelier-marche-1536x1151.jpg 1536w, https:\/\/www.comiterhone13.fr\/wp-content\/uploads\/2025\/12\/atelier-marche.jpg 1693w\" sizes=\"(max-width: 1024px) 100vw, 1024px\" \/><\/a><\/figure>\n\n\n\n<figure class=\"wp-block-image size-large is-style-default\"><a href=\"https:\/\/www.comiterhone13.fr\/wp-content\/uploads\/2025\/12\/Christophe-supervise.jpg\"><img loading=\"lazy\" decoding=\"async\" width=\"1024\" height=\"768\" data-id=\"10431\" src=\"https:\/\/www.comiterhone13.fr\/wp-content\/uploads\/2025\/12\/Christophe-supervise-1024x768.jpg\" alt=\"\" class=\"wp-image-10431\" srcset=\"https:\/\/www.comiterhone13.fr\/wp-content\/uploads\/2025\/12\/Christophe-supervise-1024x768.jpg 1024w, https:\/\/www.comiterhone13.fr\/wp-content\/uploads\/2025\/12\/Christophe-supervise-300x225.jpg 300w, https:\/\/www.comiterhone13.fr\/wp-content\/uploads\/2025\/12\/Christophe-supervise-768x576.jpg 768w, https:\/\/www.comiterhone13.fr\/wp-content\/uploads\/2025\/12\/Christophe-supervise-1536x1151.jpg 1536w, https:\/\/www.comiterhone13.fr\/wp-content\/uploads\/2025\/12\/Christophe-supervise.jpg 1693w\" sizes=\"(max-width: 1024px) 100vw, 1024px\" \/><\/a><\/figure>\n\n\n\n<figure class=\"wp-block-image size-large is-style-default\"><a href=\"https:\/\/www.comiterhone13.fr\/wp-content\/uploads\/2025\/12\/echauffement.jpg\"><img loading=\"lazy\" decoding=\"async\" width=\"1024\" height=\"768\" data-id=\"10422\" src=\"https:\/\/www.comiterhone13.fr\/wp-content\/uploads\/2025\/12\/echauffement-1024x768.jpg\" alt=\"\" class=\"wp-image-10422\" srcset=\"https:\/\/www.comiterhone13.fr\/wp-content\/uploads\/2025\/12\/echauffement-1024x768.jpg 1024w, https:\/\/www.comiterhone13.fr\/wp-content\/uploads\/2025\/12\/echauffement-300x225.jpg 300w, https:\/\/www.comiterhone13.fr\/wp-content\/uploads\/2025\/12\/echauffement-768x576.jpg 768w, https:\/\/www.comiterhone13.fr\/wp-content\/uploads\/2025\/12\/echauffement.jpg 1451w\" sizes=\"(max-width: 1024px) 100vw, 1024px\" \/><\/a><\/figure>\n\n\n\n<figure class=\"wp-block-image size-large is-style-default\"><a href=\"https:\/\/www.comiterhone13.fr\/wp-content\/uploads\/2025\/12\/en-route-pour-lechauffement.jpg\"><img loading=\"lazy\" decoding=\"async\" width=\"1024\" height=\"768\" data-id=\"10423\" src=\"https:\/\/www.comiterhone13.fr\/wp-content\/uploads\/2025\/12\/en-route-pour-lechauffement-1024x768.jpg\" alt=\"\" class=\"wp-image-10423\" srcset=\"https:\/\/www.comiterhone13.fr\/wp-content\/uploads\/2025\/12\/en-route-pour-lechauffement-1024x768.jpg 1024w, https:\/\/www.comiterhone13.fr\/wp-content\/uploads\/2025\/12\/en-route-pour-lechauffement-300x225.jpg 300w, https:\/\/www.comiterhone13.fr\/wp-content\/uploads\/2025\/12\/en-route-pour-lechauffement-768x576.jpg 768w, https:\/\/www.comiterhone13.fr\/wp-content\/uploads\/2025\/12\/en-route-pour-lechauffement.jpg 1451w\" sizes=\"(max-width: 1024px) 100vw, 1024px\" \/><\/a><\/figure>\n\n\n\n<figure class=\"wp-block-image size-large is-style-default\"><a href=\"https:\/\/www.comiterhone13.fr\/wp-content\/uploads\/2025\/12\/envol-de-ballons.jpg\"><img loading=\"lazy\" decoding=\"async\" width=\"1017\" height=\"763\" data-id=\"10419\" src=\"https:\/\/www.comiterhone13.fr\/wp-content\/uploads\/2025\/12\/envol-de-ballons.jpg\" alt=\"\" class=\"wp-image-10419\" srcset=\"https:\/\/www.comiterhone13.fr\/wp-content\/uploads\/2025\/12\/envol-de-ballons.jpg 1017w, https:\/\/www.comiterhone13.fr\/wp-content\/uploads\/2025\/12\/envol-de-ballons-300x225.jpg 300w, https:\/\/www.comiterhone13.fr\/wp-content\/uploads\/2025\/12\/envol-de-ballons-768x576.jpg 768w\" sizes=\"(max-width: 1017px) 100vw, 1017px\" \/><\/a><\/figure>\n\n\n\n<figure class=\"wp-block-image size-large is-style-default\"><a href=\"https:\/\/www.comiterhone13.fr\/wp-content\/uploads\/2025\/12\/haut-les-ballons.jpg\"><img loading=\"lazy\" decoding=\"async\" width=\"1024\" height=\"768\" data-id=\"10426\" src=\"https:\/\/www.comiterhone13.fr\/wp-content\/uploads\/2025\/12\/haut-les-ballons-1024x768.jpg\" alt=\"\" class=\"wp-image-10426\" srcset=\"https:\/\/www.comiterhone13.fr\/wp-content\/uploads\/2025\/12\/haut-les-ballons-1024x768.jpg 1024w, https:\/\/www.comiterhone13.fr\/wp-content\/uploads\/2025\/12\/haut-les-ballons-300x225.jpg 300w, https:\/\/www.comiterhone13.fr\/wp-content\/uploads\/2025\/12\/haut-les-ballons-768x576.jpg 768w, https:\/\/www.comiterhone13.fr\/wp-content\/uploads\/2025\/12\/haut-les-ballons.jpg 1451w\" sizes=\"(max-width: 1024px) 100vw, 1024px\" \/><\/a><\/figure>\n\n\n\n<figure class=\"wp-block-image size-large is-style-default\"><a href=\"https:\/\/www.comiterhone13.fr\/wp-content\/uploads\/2025\/12\/Jean-Charles-avec-le-ballon.jpg\"><img loading=\"lazy\" decoding=\"async\" width=\"1024\" height=\"768\" data-id=\"10429\" src=\"https:\/\/www.comiterhone13.fr\/wp-content\/uploads\/2025\/12\/Jean-Charles-avec-le-ballon-1024x768.jpg\" alt=\"\" class=\"wp-image-10429\" srcset=\"https:\/\/www.comiterhone13.fr\/wp-content\/uploads\/2025\/12\/Jean-Charles-avec-le-ballon-1024x768.jpg 1024w, https:\/\/www.comiterhone13.fr\/wp-content\/uploads\/2025\/12\/Jean-Charles-avec-le-ballon-300x225.jpg 300w, https:\/\/www.comiterhone13.fr\/wp-content\/uploads\/2025\/12\/Jean-Charles-avec-le-ballon-768x576.jpg 768w, https:\/\/www.comiterhone13.fr\/wp-content\/uploads\/2025\/12\/Jean-Charles-avec-le-ballon-1536x1151.jpg 1536w, https:\/\/www.comiterhone13.fr\/wp-content\/uploads\/2025\/12\/Jean-Charles-avec-le-ballon.jpg 1693w\" sizes=\"(max-width: 1024px) 100vw, 1024px\" \/><\/a><\/figure>\n\n\n\n<figure class=\"wp-block-image size-large is-style-default\"><a href=\"https:\/\/www.comiterhone13.fr\/wp-content\/uploads\/2025\/12\/lancer-de-ballons.jpg\"><img loading=\"lazy\" decoding=\"async\" width=\"1024\" height=\"768\" data-id=\"10424\" src=\"https:\/\/www.comiterhone13.fr\/wp-content\/uploads\/2025\/12\/lancer-de-ballons-1024x768.jpg\" alt=\"\" class=\"wp-image-10424\" srcset=\"https:\/\/www.comiterhone13.fr\/wp-content\/uploads\/2025\/12\/lancer-de-ballons-1024x768.jpg 1024w, https:\/\/www.comiterhone13.fr\/wp-content\/uploads\/2025\/12\/lancer-de-ballons-300x225.jpg 300w, https:\/\/www.comiterhone13.fr\/wp-content\/uploads\/2025\/12\/lancer-de-ballons-768x576.jpg 768w, https:\/\/www.comiterhone13.fr\/wp-content\/uploads\/2025\/12\/lancer-de-ballons.jpg 1451w\" sizes=\"(max-width: 1024px) 100vw, 1024px\" \/><\/a><\/figure>\n\n\n\n<figure class=\"wp-block-image size-large is-style-default\"><a href=\"https:\/\/www.comiterhone13.fr\/wp-content\/uploads\/2025\/12\/le-groupe-de-francheville-tout-sourire.jpg\"><img loading=\"lazy\" decoding=\"async\" width=\"1024\" height=\"768\" data-id=\"10427\" src=\"https:\/\/www.comiterhone13.fr\/wp-content\/uploads\/2025\/12\/le-groupe-de-francheville-tout-sourire-1024x768.jpg\" alt=\"\" class=\"wp-image-10427\" srcset=\"https:\/\/www.comiterhone13.fr\/wp-content\/uploads\/2025\/12\/le-groupe-de-francheville-tout-sourire-1024x768.jpg 1024w, https:\/\/www.comiterhone13.fr\/wp-content\/uploads\/2025\/12\/le-groupe-de-francheville-tout-sourire-300x225.jpg 300w, https:\/\/www.comiterhone13.fr\/wp-content\/uploads\/2025\/12\/le-groupe-de-francheville-tout-sourire-768x576.jpg 768w, https:\/\/www.comiterhone13.fr\/wp-content\/uploads\/2025\/12\/le-groupe-de-francheville-tout-sourire-1536x1151.jpg 1536w, https:\/\/www.comiterhone13.fr\/wp-content\/uploads\/2025\/12\/le-groupe-de-francheville-tout-sourire.jpg 1693w\" sizes=\"(max-width: 1024px) 100vw, 1024px\" \/><\/a><\/figure>\n\n\n\n<figure class=\"wp-block-image size-large is-style-default\"><a href=\"https:\/\/www.comiterhone13.fr\/wp-content\/uploads\/2025\/12\/marche-ballon-haut.jpg\"><img loading=\"lazy\" decoding=\"async\" width=\"1024\" height=\"768\" data-id=\"10420\" src=\"https:\/\/www.comiterhone13.fr\/wp-content\/uploads\/2025\/12\/marche-ballon-haut-1024x768.jpg\" alt=\"\" class=\"wp-image-10420\" srcset=\"https:\/\/www.comiterhone13.fr\/wp-content\/uploads\/2025\/12\/marche-ballon-haut-1024x768.jpg 1024w, https:\/\/www.comiterhone13.fr\/wp-content\/uploads\/2025\/12\/marche-ballon-haut-300x225.jpg 300w, https:\/\/www.comiterhone13.fr\/wp-content\/uploads\/2025\/12\/marche-ballon-haut-768x576.jpg 768w, https:\/\/www.comiterhone13.fr\/wp-content\/uploads\/2025\/12\/marche-ballon-haut.jpg 1451w\" sizes=\"(max-width: 1024px) 100vw, 1024px\" \/><\/a><\/figure>\n\n\n\n<figure class=\"wp-block-image size-large is-style-default\"><a href=\"https:\/\/www.comiterhone13.fr\/wp-content\/uploads\/2025\/12\/renforcement-haut-des-bras.jpg\"><img loading=\"lazy\" decoding=\"async\" width=\"1024\" height=\"768\" data-id=\"10432\" src=\"https:\/\/www.comiterhone13.fr\/wp-content\/uploads\/2025\/12\/renforcement-haut-des-bras-1024x768.jpg\" alt=\"\" class=\"wp-image-10432\" srcset=\"https:\/\/www.comiterhone13.fr\/wp-content\/uploads\/2025\/12\/renforcement-haut-des-bras-1024x768.jpg 1024w, https:\/\/www.comiterhone13.fr\/wp-content\/uploads\/2025\/12\/renforcement-haut-des-bras-300x225.jpg 300w, https:\/\/www.comiterhone13.fr\/wp-content\/uploads\/2025\/12\/renforcement-haut-des-bras-768x576.jpg 768w, https:\/\/www.comiterhone13.fr\/wp-content\/uploads\/2025\/12\/renforcement-haut-des-bras-1536x1151.jpg 1536w, https:\/\/www.comiterhone13.fr\/wp-content\/uploads\/2025\/12\/renforcement-haut-des-bras.jpg 1693w\" sizes=\"(max-width: 1024px) 100vw, 1024px\" \/><\/a><\/figure>\n\n\n\n<figure class=\"wp-block-image size-large is-style-default\"><a href=\"https:\/\/www.comiterhone13.fr\/wp-content\/uploads\/2025\/12\/Rosalia-tout-sourire.jpg\"><img loading=\"lazy\" decoding=\"async\" width=\"768\" height=\"1024\" data-id=\"10425\" src=\"https:\/\/www.comiterhone13.fr\/wp-content\/uploads\/2025\/12\/Rosalia-tout-sourire-768x1024.jpg\" alt=\"\" class=\"wp-image-10425\" srcset=\"https:\/\/www.comiterhone13.fr\/wp-content\/uploads\/2025\/12\/Rosalia-tout-sourire-768x1025.jpg 768w, https:\/\/www.comiterhone13.fr\/wp-content\/uploads\/2025\/12\/Rosalia-tout-sourire-225x300.jpg 225w, https:\/\/www.comiterhone13.fr\/wp-content\/uploads\/2025\/12\/Rosalia-tout-sourire-1151x1536.jpg 1151w, https:\/\/www.comiterhone13.fr\/wp-content\/uploads\/2025\/12\/Rosalia-tout-sourire.jpg 1269w\" sizes=\"(max-width: 768px) 100vw, 768px\" \/><\/a><\/figure>\n<\/figure>\n","protected":false},"excerpt":{"rendered":"<p>Hier matin s&rsquo;est d\u00e9roul\u00e9e&nbsp;la 5e s\u00e9ance des ateliers Silver XIII \u00c9quilibre au gymnase Jean Boistard de Francheville&nbsp; avec 15 seniors.&nbsp; Les ateliers&nbsp; ont \u00e9t\u00e9 encha\u00een\u00e9s avec enthousiasme et dans la&nbsp; bonne humeur avec Christophe&#46;&#46;&#46;<\/p>\n","protected":false},"author":1,"featured_media":10424,"comment_status":"open","ping_status":"open","sticky":false,"template":"","format":"standard","meta":{"footnotes":""},"categories":[135],"tags":[45],"_links":{"self":[{"href":"https:\/\/www.comiterhone13.fr\/index.php?rest_route=\/wp\/v2\/posts\/10418"}],"collection":[{"href":"https:\/\/www.comiterhone13.fr\/index.php?rest_route=\/wp\/v2\/posts"}],"about":[{"href":"https:\/\/www.comiterhone13.fr\/index.php?rest_route=\/wp\/v2\/types\/post"}],"author":[{"embeddable":true,"href":"https:\/\/www.comiterhone13.fr\/index.php?rest_route=\/wp\/v2\/users\/1"}],"replies":[{"embeddable":true,"href":"https:\/\/www.comiterhone13.fr\/index.php?rest_route=%2Fwp%2Fv2%2Fcomments&post=10418"}],"version-history":[{"count":1,"href":"https:\/\/www.comiterhone13.fr\/index.php?rest_route=\/wp\/v2\/posts\/10418\/revisions"}],"predecessor-version":[{"id":10433,"href":"https:\/\/www.comiterhone13.fr\/index.php?rest_route=\/wp\/v2\/posts\/10418\/revisions\/10433"}],"wp:featuredmedia":[{"embeddable":true,"href":"https:\/\/www.comiterhone13.fr\/index.php?rest_route=\/wp\/v2\/media\/10424"}],"wp:attachment":[{"href":"https:\/\/www.comiterhone13.fr\/index.php?rest_route=%2Fwp%2Fv2%2Fmedia&parent=10418"}],"wp:term":[{"taxonomy":"category","embeddable":true,"href":"https:\/\/www.comiterhone13.fr\/index.php?rest_route=%2Fwp%2Fv2%2Fcategories&post=10418"},{"taxonomy":"post_tag","embeddable":true,"href":"https:\/\/www.comiterhone13.fr\/index.php?rest_route=%2Fwp%2Fv2%2Ftags&post=10418"}],"curies":[{"name":"wp","href":"https:\/\/api.w.org\/{rel}","templated":true}]}}