{"id":5722,"date":"2021-06-05T22:56:00","date_gmt":"2021-06-05T21:56:00","guid":{"rendered":"http:\/\/www.comiterhone13.fr\/?p=5722"},"modified":"2021-06-20T22:58:59","modified_gmt":"2021-06-20T21:58:59","slug":"silver-xiii-equilibre-une-seance-decouverte-qui-redonne-le-sourire-aux-seniors-des-senioriales-de-rillieux","status":"publish","type":"post","link":"https:\/\/www.comiterhone13.fr\/?p=5722","title":{"rendered":"SILVER XIII EQUILIBRE &#8211; UNE SEANCE DECOUVERTE QUI REDONNE LE SOURIRE AUX SENIORS DES SENIORIALES DE RILLIEUX"},"content":{"rendered":"\n<p>Bonjour,<br>Ce mercredi sous un beau soleil printanier s&rsquo;est d\u00e9roul\u00e9 la s\u00e9ance d\u00e9couverte du programme Silver XIII Equilibre \u00e0 la r\u00e9sidence les S\u00e9nioriales de Rillieux la Pape. Ainsi \u00e0 la demande de la Directrice de la r\u00e9sidence Sandrine Eck,\u00a0 les animateurs du Comit\u00e9 du Rh\u00f4ne de Rugby \u00e0 XIII MM. Arnaud Peronin et Rafael Mauti accompagn\u00e9s du Pr\u00e9sident Jacques Cavezzan ont effectu\u00e9 une pr\u00e9sentation\u00a0ludique des diff\u00e9rents ateliers d&rsquo;\u00e9quilibre\u00a0&#8211; coordination-renforcement musculaire dans le parc de la r\u00e9sidence, \u00e0 un groupe de 7 seniors qui ont \u00e9t\u00e9 ravis par la dynamique du programme. Un\u00a0Tshirt\u00a0bleu leur a \u00e9t\u00e9 remis qui sera \u00e0 porter \u00e0 toutes les s\u00e9ances\u00a0 et tous\u00a0 se sont donn\u00e9s rendez-vous\u00a0pour la premi\u00e8re s\u00e9ance du programme qui en comptera dix\u00a0 \u00e0 partir de Mercredi 12 Mai \u00e0 14H00.\u00a0 A noter\u00a0 la bonne ambiance et l&rsquo;enthousiasme g\u00e9n\u00e9ral qu&rsquo; a suscit\u00e9\u00a0 cette s\u00e9ance d\u00e9couverte\u00a0 avec beaucoup de sourires et bonne humeur chez les seniors et en particulier chez\u00a0 Andr\u00e9e, en grande forme\u00a0 qui f\u00eatera\u00a0bient\u00f4t ses 96\u00a0 printemps et\u00a0 nous a avou\u00e9 \u00a0\u00bb cela fait bient\u00f4t 60 ans que je pratique la gymnastique&#8230;mais avec un ballon Ovale c&rsquo;est diff\u00e9rent&#8230; !\u00a0\u00bb.Une bonne entr\u00e9e en mati\u00e8re pour cette premi\u00e8re s\u00e9ance, et nul doute que l&rsquo;essai sera vite\u00a0transform\u00e9 !.<\/p>\n\n\n\n<figure class=\"wp-block-gallery columns-3 is-cropped wp-block-gallery-1 is-layout-flex wp-block-gallery-is-layout-flex\"><ul class=\"blocks-gallery-grid\"><li class=\"blocks-gallery-item\"><figure><a href=\"http:\/\/www.comiterhone13.fr\/wp-content\/uploads\/2021\/06\/atelier-assouplissements-1.jpg\"><img loading=\"lazy\" decoding=\"async\" width=\"969\" height=\"726\" src=\"http:\/\/www.comiterhone13.fr\/wp-content\/uploads\/2021\/06\/atelier-assouplissements-1.jpg\" alt=\"\" data-id=\"5723\" data-full-url=\"http:\/\/www.comiterhone13.fr\/wp-content\/uploads\/2021\/06\/atelier-assouplissements-1.jpg\" data-link=\"http:\/\/www.comiterhone13.fr\/?attachment_id=5723\" class=\"wp-image-5723\" srcset=\"https:\/\/www.comiterhone13.fr\/wp-content\/uploads\/2021\/06\/atelier-assouplissements-1.jpg 969w, https:\/\/www.comiterhone13.fr\/wp-content\/uploads\/2021\/06\/atelier-assouplissements-1-300x225.jpg 300w, https:\/\/www.comiterhone13.fr\/wp-content\/uploads\/2021\/06\/atelier-assouplissements-1-768x575.jpg 768w\" sizes=\"(max-width: 969px) 100vw, 969px\" \/><\/a><\/figure><\/li><li class=\"blocks-gallery-item\"><figure><a href=\"http:\/\/www.comiterhone13.fr\/wp-content\/uploads\/2021\/06\/atelier-coordination.jpg\"><img loading=\"lazy\" decoding=\"async\" width=\"969\" height=\"726\" src=\"http:\/\/www.comiterhone13.fr\/wp-content\/uploads\/2021\/06\/atelier-coordination.jpg\" alt=\"\" data-id=\"5724\" data-full-url=\"http:\/\/www.comiterhone13.fr\/wp-content\/uploads\/2021\/06\/atelier-coordination.jpg\" data-link=\"http:\/\/www.comiterhone13.fr\/?attachment_id=5724\" class=\"wp-image-5724\" srcset=\"https:\/\/www.comiterhone13.fr\/wp-content\/uploads\/2021\/06\/atelier-coordination.jpg 969w, https:\/\/www.comiterhone13.fr\/wp-content\/uploads\/2021\/06\/atelier-coordination-300x225.jpg 300w, https:\/\/www.comiterhone13.fr\/wp-content\/uploads\/2021\/06\/atelier-coordination-768x575.jpg 768w\" sizes=\"(max-width: 969px) 100vw, 969px\" \/><\/a><\/figure><\/li><li class=\"blocks-gallery-item\"><figure><a href=\"http:\/\/www.comiterhone13.fr\/wp-content\/uploads\/2021\/06\/atelier-squatt-avec-ballon.jpg\"><img loading=\"lazy\" decoding=\"async\" width=\"969\" height=\"726\" src=\"http:\/\/www.comiterhone13.fr\/wp-content\/uploads\/2021\/06\/atelier-squatt-avec-ballon.jpg\" alt=\"\" data-id=\"5725\" data-full-url=\"http:\/\/www.comiterhone13.fr\/wp-content\/uploads\/2021\/06\/atelier-squatt-avec-ballon.jpg\" data-link=\"http:\/\/www.comiterhone13.fr\/?attachment_id=5725\" class=\"wp-image-5725\" srcset=\"https:\/\/www.comiterhone13.fr\/wp-content\/uploads\/2021\/06\/atelier-squatt-avec-ballon.jpg 969w, https:\/\/www.comiterhone13.fr\/wp-content\/uploads\/2021\/06\/atelier-squatt-avec-ballon-300x225.jpg 300w, https:\/\/www.comiterhone13.fr\/wp-content\/uploads\/2021\/06\/atelier-squatt-avec-ballon-768x575.jpg 768w\" sizes=\"(max-width: 969px) 100vw, 969px\" \/><\/a><\/figure><\/li><li class=\"blocks-gallery-item\"><figure><a href=\"http:\/\/www.comiterhone13.fr\/wp-content\/uploads\/2021\/06\/Dedee-a-latelier-Equilibre.jpg\"><img loading=\"lazy\" decoding=\"async\" width=\"969\" height=\"726\" src=\"http:\/\/www.comiterhone13.fr\/wp-content\/uploads\/2021\/06\/Dedee-a-latelier-Equilibre.jpg\" alt=\"\" data-id=\"5726\" data-full-url=\"http:\/\/www.comiterhone13.fr\/wp-content\/uploads\/2021\/06\/Dedee-a-latelier-Equilibre.jpg\" data-link=\"http:\/\/www.comiterhone13.fr\/?attachment_id=5726\" class=\"wp-image-5726\" srcset=\"https:\/\/www.comiterhone13.fr\/wp-content\/uploads\/2021\/06\/Dedee-a-latelier-Equilibre.jpg 969w, https:\/\/www.comiterhone13.fr\/wp-content\/uploads\/2021\/06\/Dedee-a-latelier-Equilibre-300x225.jpg 300w, https:\/\/www.comiterhone13.fr\/wp-content\/uploads\/2021\/06\/Dedee-a-latelier-Equilibre-768x575.jpg 768w\" sizes=\"(max-width: 969px) 100vw, 969px\" \/><\/a><\/figure><\/li><li class=\"blocks-gallery-item\"><figure><a href=\"http:\/\/www.comiterhone13.fr\/wp-content\/uploads\/2021\/06\/haut-les-ballons.jpg\"><img loading=\"lazy\" decoding=\"async\" width=\"1024\" height=\"768\" src=\"http:\/\/www.comiterhone13.fr\/wp-content\/uploads\/2021\/06\/haut-les-ballons-1024x768.jpg\" alt=\"\" data-id=\"5727\" data-full-url=\"http:\/\/www.comiterhone13.fr\/wp-content\/uploads\/2021\/06\/haut-les-ballons.jpg\" data-link=\"http:\/\/www.comiterhone13.fr\/?attachment_id=5727\" class=\"wp-image-5727\" srcset=\"https:\/\/www.comiterhone13.fr\/wp-content\/uploads\/2021\/06\/haut-les-ballons-1024x768.jpg 1024w, https:\/\/www.comiterhone13.fr\/wp-content\/uploads\/2021\/06\/haut-les-ballons-300x225.jpg 300w, https:\/\/www.comiterhone13.fr\/wp-content\/uploads\/2021\/06\/haut-les-ballons-768x576.jpg 768w, https:\/\/www.comiterhone13.fr\/wp-content\/uploads\/2021\/06\/haut-les-ballons.jpg 1130w\" sizes=\"(max-width: 1024px) 100vw, 1024px\" \/><\/a><\/figure><\/li><li class=\"blocks-gallery-item\"><figure><a href=\"http:\/\/www.comiterhone13.fr\/wp-content\/uploads\/2021\/06\/le-groupe-des-seniors-de-la-residence-Seniorales-tout-sourire.jpg\"><img loading=\"lazy\" decoding=\"async\" width=\"1024\" height=\"768\" src=\"http:\/\/www.comiterhone13.fr\/wp-content\/uploads\/2021\/06\/le-groupe-des-seniors-de-la-residence-Seniorales-tout-sourire-1024x768.jpg\" alt=\"\" data-id=\"5728\" data-full-url=\"http:\/\/www.comiterhone13.fr\/wp-content\/uploads\/2021\/06\/le-groupe-des-seniors-de-la-residence-Seniorales-tout-sourire.jpg\" data-link=\"http:\/\/www.comiterhone13.fr\/?attachment_id=5728\" class=\"wp-image-5728\" srcset=\"https:\/\/www.comiterhone13.fr\/wp-content\/uploads\/2021\/06\/le-groupe-des-seniors-de-la-residence-Seniorales-tout-sourire-1024x768.jpg 1024w, https:\/\/www.comiterhone13.fr\/wp-content\/uploads\/2021\/06\/le-groupe-des-seniors-de-la-residence-Seniorales-tout-sourire-300x225.jpg 300w, https:\/\/www.comiterhone13.fr\/wp-content\/uploads\/2021\/06\/le-groupe-des-seniors-de-la-residence-Seniorales-tout-sourire-768x576.jpg 768w, https:\/\/www.comiterhone13.fr\/wp-content\/uploads\/2021\/06\/le-groupe-des-seniors-de-la-residence-Seniorales-tout-sourire.jpg 1130w\" sizes=\"(max-width: 1024px) 100vw, 1024px\" \/><\/a><\/figure><\/li><li class=\"blocks-gallery-item\"><figure><a href=\"http:\/\/www.comiterhone13.fr\/wp-content\/uploads\/2021\/06\/marche-avec-ballon.jpg\"><img loading=\"lazy\" decoding=\"async\" width=\"1024\" height=\"768\" src=\"http:\/\/www.comiterhone13.fr\/wp-content\/uploads\/2021\/06\/marche-avec-ballon-1024x768.jpg\" alt=\"\" data-id=\"5729\" data-full-url=\"http:\/\/www.comiterhone13.fr\/wp-content\/uploads\/2021\/06\/marche-avec-ballon.jpg\" data-link=\"http:\/\/www.comiterhone13.fr\/?attachment_id=5729\" class=\"wp-image-5729\" srcset=\"https:\/\/www.comiterhone13.fr\/wp-content\/uploads\/2021\/06\/marche-avec-ballon-1024x768.jpg 1024w, https:\/\/www.comiterhone13.fr\/wp-content\/uploads\/2021\/06\/marche-avec-ballon-300x225.jpg 300w, https:\/\/www.comiterhone13.fr\/wp-content\/uploads\/2021\/06\/marche-avec-ballon-768x576.jpg 768w, https:\/\/www.comiterhone13.fr\/wp-content\/uploads\/2021\/06\/marche-avec-ballon.jpg 1162w\" sizes=\"(max-width: 1024px) 100vw, 1024px\" \/><\/a><\/figure><\/li><li class=\"blocks-gallery-item\"><figure><a href=\"http:\/\/www.comiterhone13.fr\/wp-content\/uploads\/2021\/06\/mise-en-place-de-latelier.jpg\"><img loading=\"lazy\" decoding=\"async\" width=\"1024\" height=\"768\" src=\"http:\/\/www.comiterhone13.fr\/wp-content\/uploads\/2021\/06\/mise-en-place-de-latelier-1024x768.jpg\" alt=\"\" data-id=\"5730\" data-full-url=\"http:\/\/www.comiterhone13.fr\/wp-content\/uploads\/2021\/06\/mise-en-place-de-latelier.jpg\" data-link=\"http:\/\/www.comiterhone13.fr\/?attachment_id=5730\" class=\"wp-image-5730\" srcset=\"https:\/\/www.comiterhone13.fr\/wp-content\/uploads\/2021\/06\/mise-en-place-de-latelier-1024x768.jpg 1024w, https:\/\/www.comiterhone13.fr\/wp-content\/uploads\/2021\/06\/mise-en-place-de-latelier-300x225.jpg 300w, https:\/\/www.comiterhone13.fr\/wp-content\/uploads\/2021\/06\/mise-en-place-de-latelier-768x576.jpg 768w, https:\/\/www.comiterhone13.fr\/wp-content\/uploads\/2021\/06\/mise-en-place-de-latelier.jpg 1107w\" sizes=\"(max-width: 1024px) 100vw, 1024px\" \/><\/a><\/figure><\/li><\/ul><\/figure>\n","protected":false},"excerpt":{"rendered":"<p>Bonjour,Ce mercredi sous un beau soleil printanier s&rsquo;est d\u00e9roul\u00e9 la s\u00e9ance d\u00e9couverte du programme Silver XIII Equilibre \u00e0 la r\u00e9sidence les S\u00e9nioriales de Rillieux la Pape. Ainsi \u00e0 la demande de la Directrice de&#46;&#46;&#46;<\/p>\n","protected":false},"author":1,"featured_media":5728,"comment_status":"closed","ping_status":"closed","sticky":false,"template":"","format":"standard","meta":{"footnotes":""},"categories":[65],"tags":[109,45],"_links":{"self":[{"href":"https:\/\/www.comiterhone13.fr\/index.php?rest_route=\/wp\/v2\/posts\/5722"}],"collection":[{"href":"https:\/\/www.comiterhone13.fr\/index.php?rest_route=\/wp\/v2\/posts"}],"about":[{"href":"https:\/\/www.comiterhone13.fr\/index.php?rest_route=\/wp\/v2\/types\/post"}],"author":[{"embeddable":true,"href":"https:\/\/www.comiterhone13.fr\/index.php?rest_route=\/wp\/v2\/users\/1"}],"replies":[{"embeddable":true,"href":"https:\/\/www.comiterhone13.fr\/index.php?rest_route=%2Fwp%2Fv2%2Fcomments&post=5722"}],"version-history":[{"count":1,"href":"https:\/\/www.comiterhone13.fr\/index.php?rest_route=\/wp\/v2\/posts\/5722\/revisions"}],"predecessor-version":[{"id":5731,"href":"https:\/\/www.comiterhone13.fr\/index.php?rest_route=\/wp\/v2\/posts\/5722\/revisions\/5731"}],"wp:featuredmedia":[{"embeddable":true,"href":"https:\/\/www.comiterhone13.fr\/index.php?rest_route=\/wp\/v2\/media\/5728"}],"wp:attachment":[{"href":"https:\/\/www.comiterhone13.fr\/index.php?rest_route=%2Fwp%2Fv2%2Fmedia&parent=5722"}],"wp:term":[{"taxonomy":"category","embeddable":true,"href":"https:\/\/www.comiterhone13.fr\/index.php?rest_route=%2Fwp%2Fv2%2Fcategories&post=5722"},{"taxonomy":"post_tag","embeddable":true,"href":"https:\/\/www.comiterhone13.fr\/index.php?rest_route=%2Fwp%2Fv2%2Ftags&post=5722"}],"curies":[{"name":"wp","href":"https:\/\/api.w.org\/{rel}","templated":true}]}}