{"id":5794,"date":"2021-06-21T20:59:00","date_gmt":"2021-06-21T19:59:00","guid":{"rendered":"http:\/\/www.comiterhone13.fr\/?p=5794"},"modified":"2021-08-10T21:05:38","modified_gmt":"2021-08-10T20:05:38","slug":"belle-reussite-de-la-journee-inclusion-intergenerationnelle-au-stade-aubert-de-vaulx-en-velin","status":"publish","type":"post","link":"https:\/\/www.comiterhone13.fr\/?p=5794","title":{"rendered":"BELLE REUSSITE DE LA JOURNEE INCLUSION INTERGENERATIONNELLE AU STADE AUBERT DE VAULX EN VELIN"},"content":{"rendered":"\n<p>Bonjour,<\/p>\n\n\n\n<p><br>Apr\u00e8s avoir \u00e9t\u00e9 report\u00e9e \u00e0 deux reprises \u00e0 cause de la crise sanitaire et du confinement de Avril, la 7eme Edition des RENCONTRES XIII HANDI organis\u00e9e la le club de Vaulx en Velin Rugby League et le Comit\u00e9 du Rh\u00f4ne de Rugby \u00e0 XIII a eu lieu hier samedi\u00a0 au stade Aubert de Vaulx en Velin. Il y avait du Rugby 13 Fauteuil mais pas que&#8230;aussi des ateliers d&rsquo;Escrime handi valides avec Herv\u00e9 du CEV, de l&rsquo;aviron avec Manon du club d&rsquo;aviron de D\u00e9cines, de la Boxe avec\u00a0 Saber du club de Vaulx en Velin, du cyclisme en tandem avec Gilles de Sport-Handiff\u00e9rences,des ateliers Silver XIII Equilibre avec Yc\u00e8ne et Arnaud,\u00a0 l&rsquo;association 10 pour 10 avec Olivia, l&rsquo;association la Passerelle avec une quinzaine de participants (sport et Handicap mental), l&rsquo;association vaudaise Handicap education, l&rsquo;association R\u00e9gionale d&rsquo;Infirmes Moteurs C\u00e9r\u00e9braux\u00a0 avec le SAJ de Meyzieu &#8211; les jeunes des quartiers Sud de Ch\u00e9nier et Tase et de l&rsquo;ecole de rugby du club et leurs parents,\u00a0 &#8211; soit au total plus d&rsquo;une soixantaine de jeunes qui ont particip\u00e9\u00a0 toute la journ\u00e9e aux ateliers propos\u00e9s par les animateurs du club de VVRL et du Comit\u00e9 du Rh\u00f4ne et M\u00e9tropole de Lyon de rugby \u00e0 XIII sous un chaud soleil!. Merci \u00e0 tous pour leur participation ainsi qu&rsquo;au club des Dahus d&rsquo;Arbent avec leur pr\u00e9sident Eric Barat et au club des Tigres Blancs de Valence avec leur\u00a0pr\u00e9sident Romain Munier.\u00a0Lors de la c\u00e9r\u00e9monie de rencontres des partenaires, le Pr\u00e9sident\u00a0Jacques Cavezzan a tenu \u00e0 remercier tous les partenaires pr\u00e9sents ou excus\u00e9s en ce samedi 19 Juin, et en particulier la Caisse Locale Lyon 7 Chemins du Cr\u00e9dit Agricole pour sa sixi\u00e8me participation \u00e0 ces journ\u00e9es de sensibilisation au Handicap. Mme Sabria Benedris Directrice du Cr\u00e9dit Agricole Vaulx en Velin Centre a f\u00e9licit\u00e9 les animateurs et les participants pour cette belle journ\u00e9e de sensibilisation au Handicap.\u00a0 \u00a0Anne Calazel, directrice adjointe de\u00a0l&rsquo;agence de D\u00e9cines, est satisfaite de ce type de\u00a0partenariat\u00a0et\u00a0 a f\u00e9licit\u00e9 Jacques Cavezzan et son \u00e9quipe pour leur enthousiasme communicatif dans l&rsquo;organisation de ces journ\u00e9es. Mme V\u00e9ronique Stagnoli adjointe en charge du Handicap \u00e9tait agr\u00e9ablement surprise\u00a0 pour sa premi\u00e8re participation,\u00a0 de l&rsquo;adh\u00e9sion des jeunes \u00e0 cette pratique du Rugby fauteuil- Michel Rocher adjoint aux sports a f\u00e9licit\u00e9 les organisateurs pour\u00a0 cette journ\u00e9e de sport inclusif et\u00a0interg\u00e9n\u00e9rationnel qui participe au \u00ab\u00a0mieux vivre ensemble\u00a0\u00bb. Mustapha Guissi Pr\u00e9sident de l&rsquo;OMS\u00a0a remerci\u00e9\u00a0 le club de VVRL et encourag\u00e9 les autres\u00a0 clubs de l&rsquo;OMS \u00e0 suivre l&rsquo;exemple du club de Rugby pour organiser une journ\u00e9e mensuelle sur le Handicap. Pascal Merlin \u00e9lu \u00e0 la FFR XIII a de son c\u00f4t\u00e9 remerci\u00e9 les organisateurs du club de VVRL et du Comit\u00e9 du Rh\u00f4ne de rugby \u00e0 XIII pour la promotion faite autour des \u00a0\u00bb deux p\u00e9pites\u00a0\u00bb que sont\u00a0le Silver XIII Equilibre et le Rugby XIII Fauteuil. Le Pr\u00e9sident Jacques Cavezzan a effectivement rappel\u00e9 que cette semaine le Projet Silver XIII Equilibre avait \u00e9t\u00e9 laur\u00e9at du concours National \u00ab\u00a0s&rsquo;engager pour les quartiers\u00a0\u00bb dans la cat\u00e9gorie Bien Vieillir de la Fondation Agir Contre l&rsquo;Exclusion et que le Projet \u00a0\u00bb Para Rugby Treize inclusif faisait partie des trois projets nomin\u00e9s sur plus de 100 dossiers re\u00e7us par la Fondation.\u00a0 <\/p>\n\n\n\n<p>Un cocktail d\u00e9jeunatoire a ensuite permis de\u00a0c\u00e9l\u00e9brer cette belle journ\u00e9e sur l&rsquo;inclusion\u00a0 interg\u00e9n\u00e9rationnelle.<\/p>\n\n\n\n<figure class=\"wp-block-gallery columns-3 is-cropped wp-block-gallery-1 is-layout-flex wp-block-gallery-is-layout-flex\"><ul class=\"blocks-gallery-grid\"><li class=\"blocks-gallery-item\"><figure><a href=\"http:\/\/www.comiterhone13.fr\/wp-content\/uploads\/2021\/08\/Adrien-passe-a-Sabria.jpg\"><img loading=\"lazy\" decoding=\"async\" width=\"1024\" height=\"768\" src=\"http:\/\/www.comiterhone13.fr\/wp-content\/uploads\/2021\/08\/Adrien-passe-a-Sabria-1024x768.jpg\" alt=\"\" data-id=\"5795\" data-full-url=\"http:\/\/www.comiterhone13.fr\/wp-content\/uploads\/2021\/08\/Adrien-passe-a-Sabria.jpg\" data-link=\"http:\/\/www.comiterhone13.fr\/?attachment_id=5795\" class=\"wp-image-5795\" srcset=\"https:\/\/www.comiterhone13.fr\/wp-content\/uploads\/2021\/08\/Adrien-passe-a-Sabria-1024x768.jpg 1024w, https:\/\/www.comiterhone13.fr\/wp-content\/uploads\/2021\/08\/Adrien-passe-a-Sabria-300x225.jpg 300w, https:\/\/www.comiterhone13.fr\/wp-content\/uploads\/2021\/08\/Adrien-passe-a-Sabria-768x576.jpg 768w, https:\/\/www.comiterhone13.fr\/wp-content\/uploads\/2021\/08\/Adrien-passe-a-Sabria.jpg 1085w\" sizes=\"(max-width: 1024px) 100vw, 1024px\" \/><\/a><figcaption class=\"blocks-gallery-item__caption\">Adrien-passe-a-Sabria<\/figcaption><\/figure><\/li><li class=\"blocks-gallery-item\"><figure><a href=\"http:\/\/www.comiterhone13.fr\/wp-content\/uploads\/2021\/08\/atelier-Aviron-avec-les-jeunes-du-VVRL.jpg\"><img loading=\"lazy\" decoding=\"async\" width=\"1024\" height=\"768\" src=\"http:\/\/www.comiterhone13.fr\/wp-content\/uploads\/2021\/08\/atelier-Aviron-avec-les-jeunes-du-VVRL-1024x768.jpg\" alt=\"\" data-id=\"5796\" data-full-url=\"http:\/\/www.comiterhone13.fr\/wp-content\/uploads\/2021\/08\/atelier-Aviron-avec-les-jeunes-du-VVRL.jpg\" data-link=\"http:\/\/www.comiterhone13.fr\/?attachment_id=5796\" class=\"wp-image-5796\" srcset=\"https:\/\/www.comiterhone13.fr\/wp-content\/uploads\/2021\/08\/atelier-Aviron-avec-les-jeunes-du-VVRL-1024x768.jpg 1024w, https:\/\/www.comiterhone13.fr\/wp-content\/uploads\/2021\/08\/atelier-Aviron-avec-les-jeunes-du-VVRL-300x225.jpg 300w, https:\/\/www.comiterhone13.fr\/wp-content\/uploads\/2021\/08\/atelier-Aviron-avec-les-jeunes-du-VVRL-768x576.jpg 768w, https:\/\/www.comiterhone13.fr\/wp-content\/uploads\/2021\/08\/atelier-Aviron-avec-les-jeunes-du-VVRL.jpg 1107w\" sizes=\"(max-width: 1024px) 100vw, 1024px\" \/><\/a><figcaption class=\"blocks-gallery-item__caption\">atelier-Aviron-avec-les-jeunes-du-VVRL<\/figcaption><\/figure><\/li><li class=\"blocks-gallery-item\"><figure><a href=\"http:\/\/www.comiterhone13.fr\/wp-content\/uploads\/2021\/08\/atelier-Boxe-avec-le-club-vaudais-de-Boxe.jpg\"><img loading=\"lazy\" decoding=\"async\" width=\"969\" height=\"726\" src=\"http:\/\/www.comiterhone13.fr\/wp-content\/uploads\/2021\/08\/atelier-Boxe-avec-le-club-vaudais-de-Boxe.jpg\" alt=\"\" data-id=\"5797\" data-full-url=\"http:\/\/www.comiterhone13.fr\/wp-content\/uploads\/2021\/08\/atelier-Boxe-avec-le-club-vaudais-de-Boxe.jpg\" data-link=\"http:\/\/www.comiterhone13.fr\/?attachment_id=5797\" class=\"wp-image-5797\" srcset=\"https:\/\/www.comiterhone13.fr\/wp-content\/uploads\/2021\/08\/atelier-Boxe-avec-le-club-vaudais-de-Boxe.jpg 969w, https:\/\/www.comiterhone13.fr\/wp-content\/uploads\/2021\/08\/atelier-Boxe-avec-le-club-vaudais-de-Boxe-300x225.jpg 300w, https:\/\/www.comiterhone13.fr\/wp-content\/uploads\/2021\/08\/atelier-Boxe-avec-le-club-vaudais-de-Boxe-768x575.jpg 768w\" sizes=\"(max-width: 969px) 100vw, 969px\" \/><\/a><figcaption class=\"blocks-gallery-item__caption\">atelier-Boxe-avec-le-club-vaudais-de-Boxe<\/figcaption><\/figure><\/li><li class=\"blocks-gallery-item\"><figure><a href=\"http:\/\/www.comiterhone13.fr\/wp-content\/uploads\/2021\/08\/atelier-escrime-avec-Herve-Jacquet-du-CEV-et-les-jeunes-de-la-Passerelle.jpg\"><img loading=\"lazy\" decoding=\"async\" width=\"1024\" height=\"768\" src=\"http:\/\/www.comiterhone13.fr\/wp-content\/uploads\/2021\/08\/atelier-escrime-avec-Herve-Jacquet-du-CEV-et-les-jeunes-de-la-Passerelle-1024x768.jpg\" alt=\"\" data-id=\"5798\" data-full-url=\"http:\/\/www.comiterhone13.fr\/wp-content\/uploads\/2021\/08\/atelier-escrime-avec-Herve-Jacquet-du-CEV-et-les-jeunes-de-la-Passerelle.jpg\" data-link=\"http:\/\/www.comiterhone13.fr\/?attachment_id=5798\" class=\"wp-image-5798\" srcset=\"https:\/\/www.comiterhone13.fr\/wp-content\/uploads\/2021\/08\/atelier-escrime-avec-Herve-Jacquet-du-CEV-et-les-jeunes-de-la-Passerelle-1024x768.jpg 1024w, https:\/\/www.comiterhone13.fr\/wp-content\/uploads\/2021\/08\/atelier-escrime-avec-Herve-Jacquet-du-CEV-et-les-jeunes-de-la-Passerelle-300x225.jpg 300w, https:\/\/www.comiterhone13.fr\/wp-content\/uploads\/2021\/08\/atelier-escrime-avec-Herve-Jacquet-du-CEV-et-les-jeunes-de-la-Passerelle-768x576.jpg 768w, https:\/\/www.comiterhone13.fr\/wp-content\/uploads\/2021\/08\/atelier-escrime-avec-Herve-Jacquet-du-CEV-et-les-jeunes-de-la-Passerelle.jpg 1291w\" sizes=\"(max-width: 1024px) 100vw, 1024px\" \/><\/a><figcaption class=\"blocks-gallery-item__caption\">atelier-escrime-avec-Herve-Jacquet-du-CEV-et-les-jeunes-de-la-Passerelle<\/figcaption><\/figure><\/li><li class=\"blocks-gallery-item\"><figure><a href=\"http:\/\/www.comiterhone13.fr\/wp-content\/uploads\/2021\/08\/atelier-passe-avec-les-partenaires.jpg\"><img loading=\"lazy\" decoding=\"async\" width=\"1024\" height=\"768\" src=\"http:\/\/www.comiterhone13.fr\/wp-content\/uploads\/2021\/08\/atelier-passe-avec-les-partenaires-1024x768.jpg\" alt=\"\" data-id=\"5799\" data-full-url=\"http:\/\/www.comiterhone13.fr\/wp-content\/uploads\/2021\/08\/atelier-passe-avec-les-partenaires.jpg\" data-link=\"http:\/\/www.comiterhone13.fr\/?attachment_id=5799\" class=\"wp-image-5799\" srcset=\"https:\/\/www.comiterhone13.fr\/wp-content\/uploads\/2021\/08\/atelier-passe-avec-les-partenaires-1024x768.jpg 1024w, https:\/\/www.comiterhone13.fr\/wp-content\/uploads\/2021\/08\/atelier-passe-avec-les-partenaires-300x225.jpg 300w, https:\/\/www.comiterhone13.fr\/wp-content\/uploads\/2021\/08\/atelier-passe-avec-les-partenaires-768x576.jpg 768w, https:\/\/www.comiterhone13.fr\/wp-content\/uploads\/2021\/08\/atelier-passe-avec-les-partenaires.jpg 1107w\" sizes=\"(max-width: 1024px) 100vw, 1024px\" \/><\/a><figcaption class=\"blocks-gallery-item__caption\">atelier-passe-avec-les-partenaires<\/figcaption><\/figure><\/li><li class=\"blocks-gallery-item\"><figure><a href=\"http:\/\/www.comiterhone13.fr\/wp-content\/uploads\/2021\/08\/atelier-Silver-XIII-avec-Arnaud-et-ycene.jpg\"><img loading=\"lazy\" decoding=\"async\" width=\"1024\" height=\"768\" src=\"http:\/\/www.comiterhone13.fr\/wp-content\/uploads\/2021\/08\/atelier-Silver-XIII-avec-Arnaud-et-ycene-1024x768.jpg\" alt=\"\" data-id=\"5800\" data-full-url=\"http:\/\/www.comiterhone13.fr\/wp-content\/uploads\/2021\/08\/atelier-Silver-XIII-avec-Arnaud-et-ycene.jpg\" data-link=\"http:\/\/www.comiterhone13.fr\/?attachment_id=5800\" class=\"wp-image-5800\" srcset=\"https:\/\/www.comiterhone13.fr\/wp-content\/uploads\/2021\/08\/atelier-Silver-XIII-avec-Arnaud-et-ycene-1024x768.jpg 1024w, https:\/\/www.comiterhone13.fr\/wp-content\/uploads\/2021\/08\/atelier-Silver-XIII-avec-Arnaud-et-ycene-300x225.jpg 300w, https:\/\/www.comiterhone13.fr\/wp-content\/uploads\/2021\/08\/atelier-Silver-XIII-avec-Arnaud-et-ycene-768x576.jpg 768w, https:\/\/www.comiterhone13.fr\/wp-content\/uploads\/2021\/08\/atelier-Silver-XIII-avec-Arnaud-et-ycene.jpg 1291w\" sizes=\"(max-width: 1024px) 100vw, 1024px\" \/><\/a><figcaption class=\"blocks-gallery-item__caption\">atelier-Silver-XIII-avec-Arnaud-et-ycene<\/figcaption><\/figure><\/li><li class=\"blocks-gallery-item\"><figure><a href=\"http:\/\/www.comiterhone13.fr\/wp-content\/uploads\/2021\/08\/Cocktail-dejeunatoire-sous-le-soleil.jpg\"><img loading=\"lazy\" decoding=\"async\" width=\"1024\" height=\"768\" src=\"http:\/\/www.comiterhone13.fr\/wp-content\/uploads\/2021\/08\/Cocktail-dejeunatoire-sous-le-soleil-1024x768.jpg\" alt=\"\" data-id=\"5801\" data-full-url=\"http:\/\/www.comiterhone13.fr\/wp-content\/uploads\/2021\/08\/Cocktail-dejeunatoire-sous-le-soleil.jpg\" data-link=\"http:\/\/www.comiterhone13.fr\/?attachment_id=5801\" class=\"wp-image-5801\" srcset=\"https:\/\/www.comiterhone13.fr\/wp-content\/uploads\/2021\/08\/Cocktail-dejeunatoire-sous-le-soleil-1024x768.jpg 1024w, https:\/\/www.comiterhone13.fr\/wp-content\/uploads\/2021\/08\/Cocktail-dejeunatoire-sous-le-soleil-300x225.jpg 300w, https:\/\/www.comiterhone13.fr\/wp-content\/uploads\/2021\/08\/Cocktail-dejeunatoire-sous-le-soleil-768x576.jpg 768w, https:\/\/www.comiterhone13.fr\/wp-content\/uploads\/2021\/08\/Cocktail-dejeunatoire-sous-le-soleil.jpg 1130w\" sizes=\"(max-width: 1024px) 100vw, 1024px\" \/><\/a><figcaption class=\"blocks-gallery-item__caption\">Cocktail-dejeunatoire-sous-le-soleil<\/figcaption><\/figure><\/li><li class=\"blocks-gallery-item\"><figure><a href=\"http:\/\/www.comiterhone13.fr\/wp-content\/uploads\/2021\/08\/Gilles-Directeur-de-lagence-de-Chassieu.jpg\"><img loading=\"lazy\" decoding=\"async\" width=\"1024\" height=\"768\" src=\"http:\/\/www.comiterhone13.fr\/wp-content\/uploads\/2021\/08\/Gilles-Directeur-de-lagence-de-Chassieu-1024x768.jpg\" alt=\"\" data-id=\"5802\" data-full-url=\"http:\/\/www.comiterhone13.fr\/wp-content\/uploads\/2021\/08\/Gilles-Directeur-de-lagence-de-Chassieu.jpg\" data-link=\"http:\/\/www.comiterhone13.fr\/?attachment_id=5802\" class=\"wp-image-5802\" srcset=\"https:\/\/www.comiterhone13.fr\/wp-content\/uploads\/2021\/08\/Gilles-Directeur-de-lagence-de-Chassieu-1024x768.jpg 1024w, https:\/\/www.comiterhone13.fr\/wp-content\/uploads\/2021\/08\/Gilles-Directeur-de-lagence-de-Chassieu-300x225.jpg 300w, https:\/\/www.comiterhone13.fr\/wp-content\/uploads\/2021\/08\/Gilles-Directeur-de-lagence-de-Chassieu-768x576.jpg 768w, https:\/\/www.comiterhone13.fr\/wp-content\/uploads\/2021\/08\/Gilles-Directeur-de-lagence-de-Chassieu.jpg 1291w\" sizes=\"(max-width: 1024px) 100vw, 1024px\" \/><\/a><figcaption class=\"blocks-gallery-item__caption\">Gilles-Directeur-de-lagence-de-Chassieu<\/figcaption><\/figure><\/li><li class=\"blocks-gallery-item\"><figure><a href=\"http:\/\/www.comiterhone13.fr\/wp-content\/uploads\/2021\/08\/intervention-de-Michel-Rocher-adjoint-aux-sports.jpg\"><img loading=\"lazy\" decoding=\"async\" width=\"1024\" height=\"768\" src=\"http:\/\/www.comiterhone13.fr\/wp-content\/uploads\/2021\/08\/intervention-de-Michel-Rocher-adjoint-aux-sports-1024x768.jpg\" alt=\"\" data-id=\"5803\" data-full-url=\"http:\/\/www.comiterhone13.fr\/wp-content\/uploads\/2021\/08\/intervention-de-Michel-Rocher-adjoint-aux-sports.jpg\" data-link=\"http:\/\/www.comiterhone13.fr\/?attachment_id=5803\" class=\"wp-image-5803\" srcset=\"https:\/\/www.comiterhone13.fr\/wp-content\/uploads\/2021\/08\/intervention-de-Michel-Rocher-adjoint-aux-sports-1024x768.jpg 1024w, https:\/\/www.comiterhone13.fr\/wp-content\/uploads\/2021\/08\/intervention-de-Michel-Rocher-adjoint-aux-sports-300x225.jpg 300w, https:\/\/www.comiterhone13.fr\/wp-content\/uploads\/2021\/08\/intervention-de-Michel-Rocher-adjoint-aux-sports-768x576.jpg 768w, https:\/\/www.comiterhone13.fr\/wp-content\/uploads\/2021\/08\/intervention-de-Michel-Rocher-adjoint-aux-sports-1536x1152.jpg 1536w, https:\/\/www.comiterhone13.fr\/wp-content\/uploads\/2021\/08\/intervention-de-Michel-Rocher-adjoint-aux-sports.jpg 1549w\" sizes=\"(max-width: 1024px) 100vw, 1024px\" \/><\/a><figcaption class=\"blocks-gallery-item__caption\">intervention-de-Michel-Rocher-adjoint-aux-sports<\/figcaption><\/figure><\/li><li class=\"blocks-gallery-item\"><figure><a href=\"http:\/\/www.comiterhone13.fr\/wp-content\/uploads\/2021\/08\/Intervention-de-Pascale-Varagnat-pour-la-Caisse-Locale-Lyon-7-chemins.jpg\"><img loading=\"lazy\" decoding=\"async\" width=\"1024\" height=\"768\" src=\"http:\/\/www.comiterhone13.fr\/wp-content\/uploads\/2021\/08\/Intervention-de-Pascale-Varagnat-pour-la-Caisse-Locale-Lyon-7-chemins-1024x768.jpg\" alt=\"\" data-id=\"5804\" data-full-url=\"http:\/\/www.comiterhone13.fr\/wp-content\/uploads\/2021\/08\/Intervention-de-Pascale-Varagnat-pour-la-Caisse-Locale-Lyon-7-chemins.jpg\" data-link=\"http:\/\/www.comiterhone13.fr\/?attachment_id=5804\" class=\"wp-image-5804\" srcset=\"https:\/\/www.comiterhone13.fr\/wp-content\/uploads\/2021\/08\/Intervention-de-Pascale-Varagnat-pour-la-Caisse-Locale-Lyon-7-chemins-1024x768.jpg 1024w, https:\/\/www.comiterhone13.fr\/wp-content\/uploads\/2021\/08\/Intervention-de-Pascale-Varagnat-pour-la-Caisse-Locale-Lyon-7-chemins-300x225.jpg 300w, https:\/\/www.comiterhone13.fr\/wp-content\/uploads\/2021\/08\/Intervention-de-Pascale-Varagnat-pour-la-Caisse-Locale-Lyon-7-chemins-768x576.jpg 768w, https:\/\/www.comiterhone13.fr\/wp-content\/uploads\/2021\/08\/Intervention-de-Pascale-Varagnat-pour-la-Caisse-Locale-Lyon-7-chemins.jpg 1291w\" sizes=\"(max-width: 1024px) 100vw, 1024px\" \/><\/a><figcaption class=\"blocks-gallery-item__caption\">Intervention-de-Pascale-Varagnat-pour-la-Caisse-Locale-Lyon-7-chemins<\/figcaption><\/figure><\/li><li class=\"blocks-gallery-item\"><figure><a href=\"http:\/\/www.comiterhone13.fr\/wp-content\/uploads\/2021\/08\/intervention-de-Pascal-Merlin-FFR-XIII.jpg\"><img loading=\"lazy\" decoding=\"async\" width=\"1024\" height=\"769\" src=\"http:\/\/www.comiterhone13.fr\/wp-content\/uploads\/2021\/08\/intervention-de-Pascal-Merlin-FFR-XIII-1024x769.jpg\" alt=\"\" data-id=\"5805\" data-full-url=\"http:\/\/www.comiterhone13.fr\/wp-content\/uploads\/2021\/08\/intervention-de-Pascal-Merlin-FFR-XIII.jpg\" data-link=\"http:\/\/www.comiterhone13.fr\/?attachment_id=5805\" class=\"wp-image-5805\" srcset=\"https:\/\/www.comiterhone13.fr\/wp-content\/uploads\/2021\/08\/intervention-de-Pascal-Merlin-FFR-XIII-1024x769.jpg 1024w, https:\/\/www.comiterhone13.fr\/wp-content\/uploads\/2021\/08\/intervention-de-Pascal-Merlin-FFR-XIII-300x225.jpg 300w, https:\/\/www.comiterhone13.fr\/wp-content\/uploads\/2021\/08\/intervention-de-Pascal-Merlin-FFR-XIII-768x576.jpg 768w, https:\/\/www.comiterhone13.fr\/wp-content\/uploads\/2021\/08\/intervention-de-Pascal-Merlin-FFR-XIII.jpg 1291w\" sizes=\"(max-width: 1024px) 100vw, 1024px\" \/><\/a><figcaption class=\"blocks-gallery-item__caption\">intervention-de-Pascal-Merlin-FFR-XIII<\/figcaption><\/figure><\/li><li class=\"blocks-gallery-item\"><figure><a href=\"http:\/\/www.comiterhone13.fr\/wp-content\/uploads\/2021\/08\/Intervention-de-Sabria-Directrice-de-lAgence-Credit-Agricole-Vaulx-en-Velin-Centre.jpg\"><img loading=\"lazy\" decoding=\"async\" width=\"1024\" height=\"768\" src=\"http:\/\/www.comiterhone13.fr\/wp-content\/uploads\/2021\/08\/Intervention-de-Sabria-Directrice-de-lAgence-Credit-Agricole-Vaulx-en-Velin-Centre-1024x768.jpg\" alt=\"\" data-id=\"5806\" data-full-url=\"http:\/\/www.comiterhone13.fr\/wp-content\/uploads\/2021\/08\/Intervention-de-Sabria-Directrice-de-lAgence-Credit-Agricole-Vaulx-en-Velin-Centre.jpg\" data-link=\"http:\/\/www.comiterhone13.fr\/?attachment_id=5806\" class=\"wp-image-5806\" srcset=\"https:\/\/www.comiterhone13.fr\/wp-content\/uploads\/2021\/08\/Intervention-de-Sabria-Directrice-de-lAgence-Credit-Agricole-Vaulx-en-Velin-Centre-1024x768.jpg 1024w, https:\/\/www.comiterhone13.fr\/wp-content\/uploads\/2021\/08\/Intervention-de-Sabria-Directrice-de-lAgence-Credit-Agricole-Vaulx-en-Velin-Centre-300x225.jpg 300w, https:\/\/www.comiterhone13.fr\/wp-content\/uploads\/2021\/08\/Intervention-de-Sabria-Directrice-de-lAgence-Credit-Agricole-Vaulx-en-Velin-Centre-768x576.jpg 768w, https:\/\/www.comiterhone13.fr\/wp-content\/uploads\/2021\/08\/Intervention-de-Sabria-Directrice-de-lAgence-Credit-Agricole-Vaulx-en-Velin-Centre.jpg 1107w\" sizes=\"(max-width: 1024px) 100vw, 1024px\" \/><\/a><figcaption class=\"blocks-gallery-item__caption\">Intervention-de-Sabria-Directrice-de-lAgence-Credit-Agricole-Vaulx-en-Velin-Centre<\/figcaption><\/figure><\/li><li class=\"blocks-gallery-item\"><figure><a href=\"http:\/\/www.comiterhone13.fr\/wp-content\/uploads\/2021\/08\/Jacques-remerciant-les-partenaires-dont-la-caisse-Locale-Lyon-7-chemins.jpg\"><img loading=\"lazy\" decoding=\"async\" width=\"1024\" height=\"768\" src=\"http:\/\/www.comiterhone13.fr\/wp-content\/uploads\/2021\/08\/Jacques-remerciant-les-partenaires-dont-la-caisse-Locale-Lyon-7-chemins-1024x768.jpg\" alt=\"\" data-id=\"5807\" data-full-url=\"http:\/\/www.comiterhone13.fr\/wp-content\/uploads\/2021\/08\/Jacques-remerciant-les-partenaires-dont-la-caisse-Locale-Lyon-7-chemins.jpg\" data-link=\"http:\/\/www.comiterhone13.fr\/?attachment_id=5807\" class=\"wp-image-5807\" srcset=\"https:\/\/www.comiterhone13.fr\/wp-content\/uploads\/2021\/08\/Jacques-remerciant-les-partenaires-dont-la-caisse-Locale-Lyon-7-chemins-1024x768.jpg 1024w, https:\/\/www.comiterhone13.fr\/wp-content\/uploads\/2021\/08\/Jacques-remerciant-les-partenaires-dont-la-caisse-Locale-Lyon-7-chemins-300x225.jpg 300w, https:\/\/www.comiterhone13.fr\/wp-content\/uploads\/2021\/08\/Jacques-remerciant-les-partenaires-dont-la-caisse-Locale-Lyon-7-chemins-768x576.jpg 768w, https:\/\/www.comiterhone13.fr\/wp-content\/uploads\/2021\/08\/Jacques-remerciant-les-partenaires-dont-la-caisse-Locale-Lyon-7-chemins.jpg 1107w\" sizes=\"(max-width: 1024px) 100vw, 1024px\" \/><\/a><figcaption class=\"blocks-gallery-item__caption\">Jacques-remerciant-les-partenaires-dont-la-caisse-Locale-Lyon-7-chemins<\/figcaption><\/figure><\/li><li class=\"blocks-gallery-item\"><figure><a href=\"http:\/\/www.comiterhone13.fr\/wp-content\/uploads\/2021\/08\/Lancement-de-la-journee-avec-Sabria-a-Gauche-et-Veronique-Stagnoli-et-Michel-Rocher-a-droite.jpg\"><img loading=\"lazy\" decoding=\"async\" width=\"1024\" height=\"768\" src=\"http:\/\/www.comiterhone13.fr\/wp-content\/uploads\/2021\/08\/Lancement-de-la-journee-avec-Sabria-a-Gauche-et-Veronique-Stagnoli-et-Michel-Rocher-a-droite-1024x768.jpg\" alt=\"\" data-id=\"5808\" data-full-url=\"http:\/\/www.comiterhone13.fr\/wp-content\/uploads\/2021\/08\/Lancement-de-la-journee-avec-Sabria-a-Gauche-et-Veronique-Stagnoli-et-Michel-Rocher-a-droite.jpg\" data-link=\"http:\/\/www.comiterhone13.fr\/?attachment_id=5808\" class=\"wp-image-5808\" srcset=\"https:\/\/www.comiterhone13.fr\/wp-content\/uploads\/2021\/08\/Lancement-de-la-journee-avec-Sabria-a-Gauche-et-Veronique-Stagnoli-et-Michel-Rocher-a-droite-1024x768.jpg 1024w, https:\/\/www.comiterhone13.fr\/wp-content\/uploads\/2021\/08\/Lancement-de-la-journee-avec-Sabria-a-Gauche-et-Veronique-Stagnoli-et-Michel-Rocher-a-droite-300x225.jpg 300w, https:\/\/www.comiterhone13.fr\/wp-content\/uploads\/2021\/08\/Lancement-de-la-journee-avec-Sabria-a-Gauche-et-Veronique-Stagnoli-et-Michel-Rocher-a-droite-768x576.jpg 768w, https:\/\/www.comiterhone13.fr\/wp-content\/uploads\/2021\/08\/Lancement-de-la-journee-avec-Sabria-a-Gauche-et-Veronique-Stagnoli-et-Michel-Rocher-a-droite.jpg 1356w\" sizes=\"(max-width: 1024px) 100vw, 1024px\" \/><\/a><figcaption class=\"blocks-gallery-item__caption\">Lancement-de-la-journee-avec-Sabria-a-Gauche-et-Veronique-Stagnoli-et-Michel-Rocher-a-droite<\/figcaption><\/figure><\/li><li class=\"blocks-gallery-item\"><figure><a href=\"http:\/\/www.comiterhone13.fr\/wp-content\/uploads\/2021\/08\/lescrime-artistique.jpg\"><img loading=\"lazy\" decoding=\"async\" width=\"1024\" height=\"768\" src=\"http:\/\/www.comiterhone13.fr\/wp-content\/uploads\/2021\/08\/lescrime-artistique-1024x768.jpg\" alt=\"\" data-id=\"5809\" data-full-url=\"http:\/\/www.comiterhone13.fr\/wp-content\/uploads\/2021\/08\/lescrime-artistique.jpg\" data-link=\"http:\/\/www.comiterhone13.fr\/?attachment_id=5809\" class=\"wp-image-5809\" srcset=\"https:\/\/www.comiterhone13.fr\/wp-content\/uploads\/2021\/08\/lescrime-artistique-1024x768.jpg 1024w, https:\/\/www.comiterhone13.fr\/wp-content\/uploads\/2021\/08\/lescrime-artistique-300x225.jpg 300w, https:\/\/www.comiterhone13.fr\/wp-content\/uploads\/2021\/08\/lescrime-artistique-768x576.jpg 768w, https:\/\/www.comiterhone13.fr\/wp-content\/uploads\/2021\/08\/lescrime-artistique.jpg 1130w\" sizes=\"(max-width: 1024px) 100vw, 1024px\" \/><\/a><figcaption class=\"blocks-gallery-item__caption\">lescrime-artistique<\/figcaption><\/figure><\/li><li class=\"blocks-gallery-item\"><figure><a href=\"http:\/\/www.comiterhone13.fr\/wp-content\/uploads\/2021\/08\/les-enfants-ravis-de-manoeuvrer-le-fauteuil.jpg\"><img loading=\"lazy\" decoding=\"async\" width=\"1024\" height=\"769\" src=\"http:\/\/www.comiterhone13.fr\/wp-content\/uploads\/2021\/08\/les-enfants-ravis-de-manoeuvrer-le-fauteuil-1024x769.jpg\" alt=\"\" data-id=\"5810\" data-full-url=\"http:\/\/www.comiterhone13.fr\/wp-content\/uploads\/2021\/08\/les-enfants-ravis-de-manoeuvrer-le-fauteuil.jpg\" data-link=\"http:\/\/www.comiterhone13.fr\/?attachment_id=5810\" class=\"wp-image-5810\" srcset=\"https:\/\/www.comiterhone13.fr\/wp-content\/uploads\/2021\/08\/les-enfants-ravis-de-manoeuvrer-le-fauteuil-1024x769.jpg 1024w, https:\/\/www.comiterhone13.fr\/wp-content\/uploads\/2021\/08\/les-enfants-ravis-de-manoeuvrer-le-fauteuil-300x225.jpg 300w, https:\/\/www.comiterhone13.fr\/wp-content\/uploads\/2021\/08\/les-enfants-ravis-de-manoeuvrer-le-fauteuil-768x576.jpg 768w, https:\/\/www.comiterhone13.fr\/wp-content\/uploads\/2021\/08\/les-enfants-ravis-de-manoeuvrer-le-fauteuil.jpg 1291w\" sizes=\"(max-width: 1024px) 100vw, 1024px\" \/><\/a><figcaption class=\"blocks-gallery-item__caption\">les-enfants-ravis-de-manoeuvrer-le-fauteuil<\/figcaption><\/figure><\/li><li class=\"blocks-gallery-item\"><figure><a href=\"http:\/\/www.comiterhone13.fr\/wp-content\/uploads\/2021\/08\/Pascal-Isabelle-Jacques-et-Gilbert-avec-Romain-de-Valence-Para-Rugby.jpg\"><img loading=\"lazy\" decoding=\"async\" width=\"1024\" height=\"768\" src=\"http:\/\/www.comiterhone13.fr\/wp-content\/uploads\/2021\/08\/Pascal-Isabelle-Jacques-et-Gilbert-avec-Romain-de-Valence-Para-Rugby-1024x768.jpg\" alt=\"\" data-id=\"5811\" data-full-url=\"http:\/\/www.comiterhone13.fr\/wp-content\/uploads\/2021\/08\/Pascal-Isabelle-Jacques-et-Gilbert-avec-Romain-de-Valence-Para-Rugby.jpg\" data-link=\"http:\/\/www.comiterhone13.fr\/?attachment_id=5811\" class=\"wp-image-5811\" srcset=\"https:\/\/www.comiterhone13.fr\/wp-content\/uploads\/2021\/08\/Pascal-Isabelle-Jacques-et-Gilbert-avec-Romain-de-Valence-Para-Rugby-1024x768.jpg 1024w, https:\/\/www.comiterhone13.fr\/wp-content\/uploads\/2021\/08\/Pascal-Isabelle-Jacques-et-Gilbert-avec-Romain-de-Valence-Para-Rugby-300x225.jpg 300w, https:\/\/www.comiterhone13.fr\/wp-content\/uploads\/2021\/08\/Pascal-Isabelle-Jacques-et-Gilbert-avec-Romain-de-Valence-Para-Rugby-768x576.jpg 768w, https:\/\/www.comiterhone13.fr\/wp-content\/uploads\/2021\/08\/Pascal-Isabelle-Jacques-et-Gilbert-avec-Romain-de-Valence-Para-Rugby.jpg 1291w\" sizes=\"(max-width: 1024px) 100vw, 1024px\" \/><\/a><figcaption class=\"blocks-gallery-item__caption\">Pascal-Isabelle-Jacques-et-Gilbert-avec-Romain-de-Valence-Para-Rugby<\/figcaption><\/figure><\/li><li class=\"blocks-gallery-item\"><figure><a href=\"http:\/\/www.comiterhone13.fr\/wp-content\/uploads\/2021\/08\/Pascal-Jacques-Gilbert-Lamothe-avec-Romain-de-Valence.jpg\"><img loading=\"lazy\" decoding=\"async\" width=\"1024\" height=\"768\" src=\"http:\/\/www.comiterhone13.fr\/wp-content\/uploads\/2021\/08\/Pascal-Jacques-Gilbert-Lamothe-avec-Romain-de-Valence-1024x768.jpg\" alt=\"\" data-id=\"5812\" data-full-url=\"http:\/\/www.comiterhone13.fr\/wp-content\/uploads\/2021\/08\/Pascal-Jacques-Gilbert-Lamothe-avec-Romain-de-Valence.jpg\" data-link=\"http:\/\/www.comiterhone13.fr\/?attachment_id=5812\" class=\"wp-image-5812\" srcset=\"https:\/\/www.comiterhone13.fr\/wp-content\/uploads\/2021\/08\/Pascal-Jacques-Gilbert-Lamothe-avec-Romain-de-Valence-1024x768.jpg 1024w, https:\/\/www.comiterhone13.fr\/wp-content\/uploads\/2021\/08\/Pascal-Jacques-Gilbert-Lamothe-avec-Romain-de-Valence-300x225.jpg 300w, https:\/\/www.comiterhone13.fr\/wp-content\/uploads\/2021\/08\/Pascal-Jacques-Gilbert-Lamothe-avec-Romain-de-Valence-768x576.jpg 768w, https:\/\/www.comiterhone13.fr\/wp-content\/uploads\/2021\/08\/Pascal-Jacques-Gilbert-Lamothe-avec-Romain-de-Valence.jpg 1291w\" sizes=\"(max-width: 1024px) 100vw, 1024px\" \/><\/a><figcaption class=\"blocks-gallery-item__caption\">Pascal-Jacques-Gilbert-Lamothe-avec-Romain-de-Valence<\/figcaption><\/figure><\/li><li class=\"blocks-gallery-item\"><figure><a href=\"http:\/\/www.comiterhone13.fr\/wp-content\/uploads\/2021\/08\/Romain-avec-le-President-de-loMS-Mustapha-et-le-vice-President.jpg\"><img loading=\"lazy\" decoding=\"async\" width=\"1024\" height=\"768\" src=\"http:\/\/www.comiterhone13.fr\/wp-content\/uploads\/2021\/08\/Romain-avec-le-President-de-loMS-Mustapha-et-le-vice-President-1024x768.jpg\" alt=\"\" data-id=\"5813\" data-full-url=\"http:\/\/www.comiterhone13.fr\/wp-content\/uploads\/2021\/08\/Romain-avec-le-President-de-loMS-Mustapha-et-le-vice-President.jpg\" data-link=\"http:\/\/www.comiterhone13.fr\/?attachment_id=5813\" class=\"wp-image-5813\" srcset=\"https:\/\/www.comiterhone13.fr\/wp-content\/uploads\/2021\/08\/Romain-avec-le-President-de-loMS-Mustapha-et-le-vice-President-1024x768.jpg 1024w, https:\/\/www.comiterhone13.fr\/wp-content\/uploads\/2021\/08\/Romain-avec-le-President-de-loMS-Mustapha-et-le-vice-President-300x225.jpg 300w, https:\/\/www.comiterhone13.fr\/wp-content\/uploads\/2021\/08\/Romain-avec-le-President-de-loMS-Mustapha-et-le-vice-President-768x576.jpg 768w, https:\/\/www.comiterhone13.fr\/wp-content\/uploads\/2021\/08\/Romain-avec-le-President-de-loMS-Mustapha-et-le-vice-President.jpg 1291w\" sizes=\"(max-width: 1024px) 100vw, 1024px\" \/><\/a><figcaption class=\"blocks-gallery-item__caption\">Romain-avec-le-President-de-loMS-Mustapha-et-le-vice-President<\/figcaption><\/figure><\/li><li class=\"blocks-gallery-item\"><figure><a href=\"http:\/\/www.comiterhone13.fr\/wp-content\/uploads\/2021\/08\/Sabria-et-Pascal-devant-le-panneau-des-partenaires.jpg\"><img loading=\"lazy\" decoding=\"async\" width=\"768\" height=\"1024\" src=\"http:\/\/www.comiterhone13.fr\/wp-content\/uploads\/2021\/08\/Sabria-et-Pascal-devant-le-panneau-des-partenaires-768x1024.jpg\" alt=\"\" data-id=\"5814\" data-full-url=\"http:\/\/www.comiterhone13.fr\/wp-content\/uploads\/2021\/08\/Sabria-et-Pascal-devant-le-panneau-des-partenaires.jpg\" data-link=\"http:\/\/www.comiterhone13.fr\/?attachment_id=5814\" class=\"wp-image-5814\" srcset=\"https:\/\/www.comiterhone13.fr\/wp-content\/uploads\/2021\/08\/Sabria-et-Pascal-devant-le-panneau-des-partenaires-768x1024.jpg 768w, https:\/\/www.comiterhone13.fr\/wp-content\/uploads\/2021\/08\/Sabria-et-Pascal-devant-le-panneau-des-partenaires-225x300.jpg 225w, https:\/\/www.comiterhone13.fr\/wp-content\/uploads\/2021\/08\/Sabria-et-Pascal-devant-le-panneau-des-partenaires-1152x1536.jpg 1152w, https:\/\/www.comiterhone13.fr\/wp-content\/uploads\/2021\/08\/Sabria-et-Pascal-devant-le-panneau-des-partenaires.jpg 1210w\" sizes=\"(max-width: 768px) 100vw, 768px\" \/><\/a><figcaption class=\"blocks-gallery-item__caption\">Sabria-et-Pascal-devant-le-panneau-des-partenaires<\/figcaption><\/figure><\/li><li class=\"blocks-gallery-item\"><figure><a href=\"http:\/\/www.comiterhone13.fr\/wp-content\/uploads\/2021\/08\/Sabria-Jacques-et-Gilles-avec-Adrien-Zittel.jpg\"><img loading=\"lazy\" decoding=\"async\" width=\"1024\" height=\"768\" src=\"http:\/\/www.comiterhone13.fr\/wp-content\/uploads\/2021\/08\/Sabria-Jacques-et-Gilles-avec-Adrien-Zittel-1024x768.jpg\" alt=\"\" data-id=\"5815\" data-full-url=\"http:\/\/www.comiterhone13.fr\/wp-content\/uploads\/2021\/08\/Sabria-Jacques-et-Gilles-avec-Adrien-Zittel.jpg\" data-link=\"http:\/\/www.comiterhone13.fr\/?attachment_id=5815\" class=\"wp-image-5815\" srcset=\"https:\/\/www.comiterhone13.fr\/wp-content\/uploads\/2021\/08\/Sabria-Jacques-et-Gilles-avec-Adrien-Zittel-1024x768.jpg 1024w, https:\/\/www.comiterhone13.fr\/wp-content\/uploads\/2021\/08\/Sabria-Jacques-et-Gilles-avec-Adrien-Zittel-300x225.jpg 300w, https:\/\/www.comiterhone13.fr\/wp-content\/uploads\/2021\/08\/Sabria-Jacques-et-Gilles-avec-Adrien-Zittel-768x576.jpg 768w, https:\/\/www.comiterhone13.fr\/wp-content\/uploads\/2021\/08\/Sabria-Jacques-et-Gilles-avec-Adrien-Zittel.jpg 1291w\" sizes=\"(max-width: 1024px) 100vw, 1024px\" \/><\/a><figcaption class=\"blocks-gallery-item__caption\">Sabria-Jacques-et-Gilles-avec-Adrien-Zittel<\/figcaption><\/figure><\/li><\/ul><\/figure>\n","protected":false},"excerpt":{"rendered":"<p>Bonjour, Apr\u00e8s avoir \u00e9t\u00e9 report\u00e9e \u00e0 deux reprises \u00e0 cause de la crise sanitaire et du confinement de Avril, la 7eme Edition des RENCONTRES XIII HANDI organis\u00e9e la le club de Vaulx en Velin&#46;&#46;&#46;<\/p>\n","protected":false},"author":1,"featured_media":5808,"comment_status":"closed","ping_status":"closed","sticky":false,"template":"","format":"standard","meta":{"footnotes":""},"categories":[7,65],"tags":[8,113],"_links":{"self":[{"href":"https:\/\/www.comiterhone13.fr\/index.php?rest_route=\/wp\/v2\/posts\/5794"}],"collection":[{"href":"https:\/\/www.comiterhone13.fr\/index.php?rest_route=\/wp\/v2\/posts"}],"about":[{"href":"https:\/\/www.comiterhone13.fr\/index.php?rest_route=\/wp\/v2\/types\/post"}],"author":[{"embeddable":true,"href":"https:\/\/www.comiterhone13.fr\/index.php?rest_route=\/wp\/v2\/users\/1"}],"replies":[{"embeddable":true,"href":"https:\/\/www.comiterhone13.fr\/index.php?rest_route=%2Fwp%2Fv2%2Fcomments&post=5794"}],"version-history":[{"count":2,"href":"https:\/\/www.comiterhone13.fr\/index.php?rest_route=\/wp\/v2\/posts\/5794\/revisions"}],"predecessor-version":[{"id":5817,"href":"https:\/\/www.comiterhone13.fr\/index.php?rest_route=\/wp\/v2\/posts\/5794\/revisions\/5817"}],"wp:featuredmedia":[{"embeddable":true,"href":"https:\/\/www.comiterhone13.fr\/index.php?rest_route=\/wp\/v2\/media\/5808"}],"wp:attachment":[{"href":"https:\/\/www.comiterhone13.fr\/index.php?rest_route=%2Fwp%2Fv2%2Fmedia&parent=5794"}],"wp:term":[{"taxonomy":"category","embeddable":true,"href":"https:\/\/www.comiterhone13.fr\/index.php?rest_route=%2Fwp%2Fv2%2Fcategories&post=5794"},{"taxonomy":"post_tag","embeddable":true,"href":"https:\/\/www.comiterhone13.fr\/index.php?rest_route=%2Fwp%2Fv2%2Ftags&post=5794"}],"curies":[{"name":"wp","href":"https:\/\/api.w.org\/{rel}","templated":true}]}}