{"id":5865,"date":"2021-10-01T06:36:00","date_gmt":"2021-10-01T05:36:00","guid":{"rendered":"http:\/\/www.comiterhone13.fr\/?p=5865"},"modified":"2021-10-19T06:40:15","modified_gmt":"2021-10-19T05:40:15","slug":"ligue-aura-rencontre-avec-les-clubs-et-region-aura","status":"publish","type":"post","link":"https:\/\/www.comiterhone13.fr\/?p=5865","title":{"rendered":"LIGUE AURA &#8211; RENCONTRE AVEC LES CLUBS ET REGION AURA"},"content":{"rendered":"\n<p>Le Pr\u00e9sident de la FFR XIII Luc Lacoste et le Secr\u00e9taire G\u00e9n\u00e9ral Dominique Baloup \u00e9taient \u00e0 Lyon pour rencontrer les clubs et pr\u00e9senter le Projet de candidature de la France \u00e0 la Coupe du Monde 2025 aux collectivit\u00e9s locales. Apr\u00e8s la M\u00e9tropole de Lyon Mardi, et une rencontre des clubs en soir\u00e9e \u00e0 Lyon Montchat, c&rsquo; \u00e9tait au tour de la R\u00e9gion AURA ce mercredi. Accompagn\u00e9s de <a rel=\"noreferrer noopener\" href=\"https:\/\/www.facebook.com\/pascal.merlin.123829?__cft__[0]=AZWBcgRvAqDwzkRtsoB1VX0mjukWuBHrKtsIK9dVF5adb4Yc3TUiGvdbiYDHhs0jOT7ta9mOpiApph6kspx5SmZknTCUnuamjCV4nsrEBDlpzZsj5hEPavQUZCpypJt00X5jm5ya-TGBxGYv2dV_uIMS&amp;__tn__=-]K-R\" target=\"_blank\">Pascal Merlin<\/a> \u00e9lu FFR XIII, <a rel=\"noreferrer noopener\" href=\"https:\/\/www.facebook.com\/jacques.cavezzan?__cft__[0]=AZWBcgRvAqDwzkRtsoB1VX0mjukWuBHrKtsIK9dVF5adb4Yc3TUiGvdbiYDHhs0jOT7ta9mOpiApph6kspx5SmZknTCUnuamjCV4nsrEBDlpzZsj5hEPavQUZCpypJt00X5jm5ya-TGBxGYv2dV_uIMS&amp;__tn__=-]K-R\" target=\"_blank\">Jacques Cavezzan<\/a> Pr\u00e9sident <a rel=\"noreferrer noopener\" href=\"https:\/\/www.facebook.com\/liguerhonealpes13\/?__cft__[0]=AZWBcgRvAqDwzkRtsoB1VX0mjukWuBHrKtsIK9dVF5adb4Yc3TUiGvdbiYDHhs0jOT7ta9mOpiApph6kspx5SmZknTCUnuamjCV4nsrEBDlpzZsj5hEPavQUZCpypJt00X5jm5ya-TGBxGYv2dV_uIMS&amp;__tn__=kK-R\" target=\"_blank\">Ligue Auvergne-Rh\u00f4ne-Alpes rugby \u00e0 XIII<\/a>, et Arnaud Peronin (ATD) ils ont rencontr\u00e9 le nouvel \u00e9lu charg\u00e9 du Sport \u00e0 la R\u00e9gion M. Alexandre Nanchi et M. Philippe Bernard du service des sports. Luc Lacoste a pr\u00e9sent\u00e9 le Projet CDM 2025, un \u00e9v\u00e9nement de Sport pour tous, accessible \u00e0 tous qui concernerait \u00e0 l&rsquo;automne 2025 \u00e0 la fois les Hommes, les femmes, le Rugby XIII Fauteuil et les jeunes U19 soit 4 comp\u00e9titions, une Premi\u00e8re et 64 \u00e9quipes nationales r\u00e9parties dans 40 villes de l&rsquo;Hexagone. A noter que 8 villes du territoire Auvergne-Rh\u00f4ne-Alpes ont d\u00e9j\u00e0 rempli le dossier de candidature. La d\u00e9signation du pays h\u00f4te sera effectu\u00e9e par l&rsquo;IRL (International Rugby League) en Novembre prochain. Dans la matin\u00e9e le Pr\u00e9sident Luc Lacoste a rencontr\u00e9 dans le quartier du Tonkin, le Pr\u00e9sident Dale Harrison des Tigers de Villeurbanne et Mickael Dalmais qui lui ont pr\u00e9sent\u00e9 une nouvelle approche pour initier au rugby et favoriser l&rsquo;int\u00e9gration des jeunes des quartiers urbains tout en int\u00e9grant une dimension soci\u00e9tale. Luc Lacoste a ensuite assist\u00e9 \u00e0 la r\u00e9union hebdomadaire de l&rsquo;Equipe Technique R\u00e9gionale qui a pass\u00e9 en revue les diff\u00e9rents projets dans les domaines de l&rsquo;Education ( Petit XIII, Tag XIII, P\u00e9riscolaire) , Comp\u00e9tition, \u00a0 sport insertion &#8211; Rugby XIII Fauteuil et le sport sant\u00e9 avec les projets Vita XIII et Silver XIII Equilibre.Une\u00a0 rencontre avec M.Pascal Chabaud du Laboratoire Neurosciences de l&rsquo;Universit\u00e9 de Lyon a permis de discuter des atouts du programme Silver XIII \u00e9quilibre\u00a0ainsi que des modalit\u00e9s de la collaboration avec la Ligue AURA et la FFR XIII et les domaines d&rsquo;exploitation r\u00e9serv\u00e9s. En fin d&rsquo;apr\u00e8s midi le Pr\u00e9sident Luc Lacoste et Dominique Baloup ont rendu visite au club des Lions de Sainte Foy Rugby league qui compte plus de 200 adh\u00e9rents et une \u00e9cole de rugby de 120 jeunes. Accueillis, par le Pr\u00e9sident Damien Siraudin, Valerie\u00a0 Eckstein (secr\u00e9taire du Club) et Christian Jacob, accompagn\u00e9 de Christian Novent (adjoint aux sports) et Didier Pascal (OMS) Le Pr\u00e9sident a rendu un hommage \u00e0 ce club familial qui compte plus de 20 \u00e9ducateurs b\u00e9n\u00e9voles et dont la crise sanitaire n&rsquo;a pas eu d&rsquo;effet sur les licenci\u00e9s \u00a0\u00bb Nous\u00a0avons m\u00eame d\u00fb stopper les inscriptions en Ao\u00fbt, a pr\u00e9cis\u00e9 le Pr\u00e9sident Damien Siraudin, car la r\u00e8gle au club est de ne pas d\u00e9passer\u00a0les 30 licenci\u00e9s par cat\u00e9gorie pour un bon accueil des enfants !\u00a0En conclusion,le\u00a0Pr\u00e9sident Luc Lacoste et Dominique Baloup ont appr\u00e9ci\u00e9 leur premeir s\u00e9jour en terre AURA et ont d\u00e9couvert de bonnes recettes\u00a0 pour les pratiques am\u00e9nag\u00e9es, le d\u00e9veloppement de nouveaux projets et la compr\u00e9hension\u00a0des territoires. Ils ont promis de revenir en cours d&rsquo;ann\u00e9e\u00a0 pour de nouvelles rencontres !<\/p>\n\n\n\n<figure class=\"wp-block-gallery columns-3 is-cropped wp-block-gallery-1 is-layout-flex wp-block-gallery-is-layout-flex\"><ul class=\"blocks-gallery-grid\"><li class=\"blocks-gallery-item\"><figure><a href=\"http:\/\/www.comiterhone13.fr\/wp-content\/uploads\/2021\/10\/Arnaud-presente-le-partenariat-avec-la-Region-AURA.jpg\"><img loading=\"lazy\" decoding=\"async\" width=\"960\" height=\"720\" src=\"http:\/\/www.comiterhone13.fr\/wp-content\/uploads\/2021\/10\/Arnaud-presente-le-partenariat-avec-la-Region-AURA.jpg\" alt=\"\" data-id=\"5866\" data-full-url=\"http:\/\/www.comiterhone13.fr\/wp-content\/uploads\/2021\/10\/Arnaud-presente-le-partenariat-avec-la-Region-AURA.jpg\" data-link=\"http:\/\/www.comiterhone13.fr\/?attachment_id=5866\" class=\"wp-image-5866\" srcset=\"https:\/\/www.comiterhone13.fr\/wp-content\/uploads\/2021\/10\/Arnaud-presente-le-partenariat-avec-la-Region-AURA.jpg 960w, https:\/\/www.comiterhone13.fr\/wp-content\/uploads\/2021\/10\/Arnaud-presente-le-partenariat-avec-la-Region-AURA-300x225.jpg 300w, https:\/\/www.comiterhone13.fr\/wp-content\/uploads\/2021\/10\/Arnaud-presente-le-partenariat-avec-la-Region-AURA-768x576.jpg 768w\" sizes=\"(max-width: 960px) 100vw, 960px\" \/><\/a><\/figure><\/li><li class=\"blocks-gallery-item\"><figure><a href=\"http:\/\/www.comiterhone13.fr\/wp-content\/uploads\/2021\/10\/Dominique-Baloup-repond-aux-questions.jpg\"><img loading=\"lazy\" decoding=\"async\" width=\"989\" height=\"742\" src=\"http:\/\/www.comiterhone13.fr\/wp-content\/uploads\/2021\/10\/Dominique-Baloup-repond-aux-questions.jpg\" alt=\"\" data-id=\"5867\" data-full-url=\"http:\/\/www.comiterhone13.fr\/wp-content\/uploads\/2021\/10\/Dominique-Baloup-repond-aux-questions.jpg\" data-link=\"http:\/\/www.comiterhone13.fr\/?attachment_id=5867\" class=\"wp-image-5867\" srcset=\"https:\/\/www.comiterhone13.fr\/wp-content\/uploads\/2021\/10\/Dominique-Baloup-repond-aux-questions.jpg 989w, https:\/\/www.comiterhone13.fr\/wp-content\/uploads\/2021\/10\/Dominique-Baloup-repond-aux-questions-300x225.jpg 300w, https:\/\/www.comiterhone13.fr\/wp-content\/uploads\/2021\/10\/Dominique-Baloup-repond-aux-questions-768x576.jpg 768w\" sizes=\"(max-width: 989px) 100vw, 989px\" \/><\/a><\/figure><\/li><li class=\"blocks-gallery-item\"><figure><a href=\"http:\/\/www.comiterhone13.fr\/wp-content\/uploads\/2021\/10\/echange-avec-les-diirgeants-de-SFRL.jpg\"><img loading=\"lazy\" decoding=\"async\" width=\"969\" height=\"726\" src=\"http:\/\/www.comiterhone13.fr\/wp-content\/uploads\/2021\/10\/echange-avec-les-diirgeants-de-SFRL.jpg\" alt=\"\" data-id=\"5868\" data-full-url=\"http:\/\/www.comiterhone13.fr\/wp-content\/uploads\/2021\/10\/echange-avec-les-diirgeants-de-SFRL.jpg\" data-link=\"http:\/\/www.comiterhone13.fr\/?attachment_id=5868\" class=\"wp-image-5868\" srcset=\"https:\/\/www.comiterhone13.fr\/wp-content\/uploads\/2021\/10\/echange-avec-les-diirgeants-de-SFRL.jpg 969w, https:\/\/www.comiterhone13.fr\/wp-content\/uploads\/2021\/10\/echange-avec-les-diirgeants-de-SFRL-300x225.jpg 300w, https:\/\/www.comiterhone13.fr\/wp-content\/uploads\/2021\/10\/echange-avec-les-diirgeants-de-SFRL-768x575.jpg 768w\" sizes=\"(max-width: 969px) 100vw, 969px\" \/><\/a><\/figure><\/li><li class=\"blocks-gallery-item\"><figure><a href=\"http:\/\/www.comiterhone13.fr\/wp-content\/uploads\/2021\/10\/Le-President-Luc-Lacoste-sadresse-aux-representants-des-clubs.jpg\"><img loading=\"lazy\" decoding=\"async\" width=\"989\" height=\"742\" src=\"http:\/\/www.comiterhone13.fr\/wp-content\/uploads\/2021\/10\/Le-President-Luc-Lacoste-sadresse-aux-representants-des-clubs.jpg\" alt=\"\" data-id=\"5869\" data-full-url=\"http:\/\/www.comiterhone13.fr\/wp-content\/uploads\/2021\/10\/Le-President-Luc-Lacoste-sadresse-aux-representants-des-clubs.jpg\" data-link=\"http:\/\/www.comiterhone13.fr\/?attachment_id=5869\" class=\"wp-image-5869\" srcset=\"https:\/\/www.comiterhone13.fr\/wp-content\/uploads\/2021\/10\/Le-President-Luc-Lacoste-sadresse-aux-representants-des-clubs.jpg 989w, https:\/\/www.comiterhone13.fr\/wp-content\/uploads\/2021\/10\/Le-President-Luc-Lacoste-sadresse-aux-representants-des-clubs-300x225.jpg 300w, https:\/\/www.comiterhone13.fr\/wp-content\/uploads\/2021\/10\/Le-President-Luc-Lacoste-sadresse-aux-representants-des-clubs-768x576.jpg 768w\" sizes=\"(max-width: 989px) 100vw, 989px\" \/><\/a><\/figure><\/li><li class=\"blocks-gallery-item\"><figure><a href=\"http:\/\/www.comiterhone13.fr\/wp-content\/uploads\/2021\/10\/Luc-Lacoste-avec-lEquipe-Technique-AURA.jpg\"><img loading=\"lazy\" decoding=\"async\" width=\"989\" height=\"742\" src=\"http:\/\/www.comiterhone13.fr\/wp-content\/uploads\/2021\/10\/Luc-Lacoste-avec-lEquipe-Technique-AURA.jpg\" alt=\"\" data-id=\"5870\" data-full-url=\"http:\/\/www.comiterhone13.fr\/wp-content\/uploads\/2021\/10\/Luc-Lacoste-avec-lEquipe-Technique-AURA.jpg\" data-link=\"http:\/\/www.comiterhone13.fr\/?attachment_id=5870\" class=\"wp-image-5870\" srcset=\"https:\/\/www.comiterhone13.fr\/wp-content\/uploads\/2021\/10\/Luc-Lacoste-avec-lEquipe-Technique-AURA.jpg 989w, https:\/\/www.comiterhone13.fr\/wp-content\/uploads\/2021\/10\/Luc-Lacoste-avec-lEquipe-Technique-AURA-300x225.jpg 300w, https:\/\/www.comiterhone13.fr\/wp-content\/uploads\/2021\/10\/Luc-Lacoste-avec-lEquipe-Technique-AURA-768x576.jpg 768w\" sizes=\"(max-width: 989px) 100vw, 989px\" \/><\/a><\/figure><\/li><li class=\"blocks-gallery-item\"><figure><a href=\"http:\/\/www.comiterhone13.fr\/wp-content\/uploads\/2021\/10\/Luc-Lacoste-avec-Pascal-Chabaud-laboratoire-Neurosciences-de-lUniversite-de-Lyon.jpg\"><img loading=\"lazy\" decoding=\"async\" width=\"768\" height=\"1024\" src=\"http:\/\/www.comiterhone13.fr\/wp-content\/uploads\/2021\/10\/Luc-Lacoste-avec-Pascal-Chabaud-laboratoire-Neurosciences-de-lUniversite-de-Lyon-768x1024.jpg\" alt=\"\" data-id=\"5871\" data-full-url=\"http:\/\/www.comiterhone13.fr\/wp-content\/uploads\/2021\/10\/Luc-Lacoste-avec-Pascal-Chabaud-laboratoire-Neurosciences-de-lUniversite-de-Lyon.jpg\" data-link=\"http:\/\/www.comiterhone13.fr\/?attachment_id=5871\" class=\"wp-image-5871\" srcset=\"https:\/\/www.comiterhone13.fr\/wp-content\/uploads\/2021\/10\/Luc-Lacoste-avec-Pascal-Chabaud-laboratoire-Neurosciences-de-lUniversite-de-Lyon-768x1023.jpg 768w, https:\/\/www.comiterhone13.fr\/wp-content\/uploads\/2021\/10\/Luc-Lacoste-avec-Pascal-Chabaud-laboratoire-Neurosciences-de-lUniversite-de-Lyon-225x300.jpg 225w, https:\/\/www.comiterhone13.fr\/wp-content\/uploads\/2021\/10\/Luc-Lacoste-avec-Pascal-Chabaud-laboratoire-Neurosciences-de-lUniversite-de-Lyon.jpg 908w\" sizes=\"(max-width: 768px) 100vw, 768px\" \/><\/a><\/figure><\/li><li class=\"blocks-gallery-item\"><figure><a href=\"http:\/\/www.comiterhone13.fr\/wp-content\/uploads\/2021\/10\/Luc-Lacoste-et-Dominique-Baloup-en-visite-au-club-de-Sainte-Foy-Rugby-League-avec-les-U11-du-club-a.jpg\"><img loading=\"lazy\" decoding=\"async\" width=\"1024\" height=\"768\" src=\"http:\/\/www.comiterhone13.fr\/wp-content\/uploads\/2021\/10\/Luc-Lacoste-et-Dominique-Baloup-en-visite-au-club-de-Sainte-Foy-Rugby-League-avec-les-U11-du-club-a-1024x768.jpg\" alt=\"\" data-id=\"5872\" data-full-url=\"http:\/\/www.comiterhone13.fr\/wp-content\/uploads\/2021\/10\/Luc-Lacoste-et-Dominique-Baloup-en-visite-au-club-de-Sainte-Foy-Rugby-League-avec-les-U11-du-club-a.jpg\" data-link=\"http:\/\/www.comiterhone13.fr\/?attachment_id=5872\" class=\"wp-image-5872\" srcset=\"https:\/\/www.comiterhone13.fr\/wp-content\/uploads\/2021\/10\/Luc-Lacoste-et-Dominique-Baloup-en-visite-au-club-de-Sainte-Foy-Rugby-League-avec-les-U11-du-club-a-1024x768.jpg 1024w, https:\/\/www.comiterhone13.fr\/wp-content\/uploads\/2021\/10\/Luc-Lacoste-et-Dominique-Baloup-en-visite-au-club-de-Sainte-Foy-Rugby-League-avec-les-U11-du-club-a-300x225.jpg 300w, https:\/\/www.comiterhone13.fr\/wp-content\/uploads\/2021\/10\/Luc-Lacoste-et-Dominique-Baloup-en-visite-au-club-de-Sainte-Foy-Rugby-League-avec-les-U11-du-club-a-768x576.jpg 768w, https:\/\/www.comiterhone13.fr\/wp-content\/uploads\/2021\/10\/Luc-Lacoste-et-Dominique-Baloup-en-visite-au-club-de-Sainte-Foy-Rugby-League-avec-les-U11-du-club-a.jpg 1356w\" sizes=\"(max-width: 1024px) 100vw, 1024px\" \/><\/a><\/figure><\/li><li class=\"blocks-gallery-item\"><figure><a href=\"http:\/\/www.comiterhone13.fr\/wp-content\/uploads\/2021\/10\/Remise-dun-Ballon-de-la-la-Ligue-AURA-a-Alexandre-Nanchi-elu-en-charge-des-sports.jpg\"><img loading=\"lazy\" decoding=\"async\" width=\"1024\" height=\"768\" src=\"http:\/\/www.comiterhone13.fr\/wp-content\/uploads\/2021\/10\/Remise-dun-Ballon-de-la-la-Ligue-AURA-a-Alexandre-Nanchi-elu-en-charge-des-sports-1024x768.jpg\" alt=\"\" data-id=\"5873\" data-full-url=\"http:\/\/www.comiterhone13.fr\/wp-content\/uploads\/2021\/10\/Remise-dun-Ballon-de-la-la-Ligue-AURA-a-Alexandre-Nanchi-elu-en-charge-des-sports.jpg\" data-link=\"http:\/\/www.comiterhone13.fr\/?attachment_id=5873\" class=\"wp-image-5873\" srcset=\"https:\/\/www.comiterhone13.fr\/wp-content\/uploads\/2021\/10\/Remise-dun-Ballon-de-la-la-Ligue-AURA-a-Alexandre-Nanchi-elu-en-charge-des-sports-1024x768.jpg 1024w, https:\/\/www.comiterhone13.fr\/wp-content\/uploads\/2021\/10\/Remise-dun-Ballon-de-la-la-Ligue-AURA-a-Alexandre-Nanchi-elu-en-charge-des-sports-300x225.jpg 300w, https:\/\/www.comiterhone13.fr\/wp-content\/uploads\/2021\/10\/Remise-dun-Ballon-de-la-la-Ligue-AURA-a-Alexandre-Nanchi-elu-en-charge-des-sports-768x576.jpg 768w, https:\/\/www.comiterhone13.fr\/wp-content\/uploads\/2021\/10\/Remise-dun-Ballon-de-la-la-Ligue-AURA-a-Alexandre-Nanchi-elu-en-charge-des-sports.jpg 1412w\" sizes=\"(max-width: 1024px) 100vw, 1024px\" \/><\/a><\/figure><\/li><li class=\"blocks-gallery-item\"><figure><a href=\"http:\/\/www.comiterhone13.fr\/wp-content\/uploads\/2021\/10\/remise-du-ballon-Ovale-a-Alexandre-Nanchi.jpg\"><img loading=\"lazy\" decoding=\"async\" width=\"960\" height=\"720\" src=\"http:\/\/www.comiterhone13.fr\/wp-content\/uploads\/2021\/10\/remise-du-ballon-Ovale-a-Alexandre-Nanchi.jpg\" alt=\"\" data-id=\"5874\" data-full-url=\"http:\/\/www.comiterhone13.fr\/wp-content\/uploads\/2021\/10\/remise-du-ballon-Ovale-a-Alexandre-Nanchi.jpg\" data-link=\"http:\/\/www.comiterhone13.fr\/?attachment_id=5874\" class=\"wp-image-5874\" srcset=\"https:\/\/www.comiterhone13.fr\/wp-content\/uploads\/2021\/10\/remise-du-ballon-Ovale-a-Alexandre-Nanchi.jpg 960w, https:\/\/www.comiterhone13.fr\/wp-content\/uploads\/2021\/10\/remise-du-ballon-Ovale-a-Alexandre-Nanchi-300x225.jpg 300w, https:\/\/www.comiterhone13.fr\/wp-content\/uploads\/2021\/10\/remise-du-ballon-Ovale-a-Alexandre-Nanchi-768x576.jpg 768w\" sizes=\"(max-width: 960px) 100vw, 960px\" \/><\/a><\/figure><\/li><\/ul><\/figure>\n","protected":false},"excerpt":{"rendered":"<p>Le Pr\u00e9sident de la FFR XIII Luc Lacoste et le Secr\u00e9taire G\u00e9n\u00e9ral Dominique Baloup \u00e9taient \u00e0 Lyon pour rencontrer les clubs et pr\u00e9senter le Projet de candidature de la France \u00e0 la Coupe du&#46;&#46;&#46;<\/p>\n","protected":false},"author":1,"featured_media":5873,"comment_status":"closed","ping_status":"closed","sticky":false,"template":"","format":"standard","meta":{"footnotes":""},"categories":[7,65],"tags":[116],"_links":{"self":[{"href":"https:\/\/www.comiterhone13.fr\/index.php?rest_route=\/wp\/v2\/posts\/5865"}],"collection":[{"href":"https:\/\/www.comiterhone13.fr\/index.php?rest_route=\/wp\/v2\/posts"}],"about":[{"href":"https:\/\/www.comiterhone13.fr\/index.php?rest_route=\/wp\/v2\/types\/post"}],"author":[{"embeddable":true,"href":"https:\/\/www.comiterhone13.fr\/index.php?rest_route=\/wp\/v2\/users\/1"}],"replies":[{"embeddable":true,"href":"https:\/\/www.comiterhone13.fr\/index.php?rest_route=%2Fwp%2Fv2%2Fcomments&post=5865"}],"version-history":[{"count":1,"href":"https:\/\/www.comiterhone13.fr\/index.php?rest_route=\/wp\/v2\/posts\/5865\/revisions"}],"predecessor-version":[{"id":5875,"href":"https:\/\/www.comiterhone13.fr\/index.php?rest_route=\/wp\/v2\/posts\/5865\/revisions\/5875"}],"wp:featuredmedia":[{"embeddable":true,"href":"https:\/\/www.comiterhone13.fr\/index.php?rest_route=\/wp\/v2\/media\/5873"}],"wp:attachment":[{"href":"https:\/\/www.comiterhone13.fr\/index.php?rest_route=%2Fwp%2Fv2%2Fmedia&parent=5865"}],"wp:term":[{"taxonomy":"category","embeddable":true,"href":"https:\/\/www.comiterhone13.fr\/index.php?rest_route=%2Fwp%2Fv2%2Fcategories&post=5865"},{"taxonomy":"post_tag","embeddable":true,"href":"https:\/\/www.comiterhone13.fr\/index.php?rest_route=%2Fwp%2Fv2%2Ftags&post=5865"}],"curies":[{"name":"wp","href":"https:\/\/api.w.org\/{rel}","templated":true}]}}