{"id":6374,"date":"2022-04-28T08:28:09","date_gmt":"2022-04-28T07:28:09","guid":{"rendered":"https:\/\/www.comiterhone13.fr\/?p=6374"},"modified":"2022-04-28T08:28:10","modified_gmt":"2022-04-28T07:28:10","slug":"une-belle-affluence-a-metropole-vacances-sportive-a-lacroix-laval","status":"publish","type":"post","link":"https:\/\/www.comiterhone13.fr\/?p=6374","title":{"rendered":"Une Belle affluence \u00e0 Metropole Vacances Sportive \u00e0 Lacroix Laval"},"content":{"rendered":"\n<p>derni\u00e8re semaine de pratique sportive pour les jeunes de la M\u00e9tropole de Lyon qui souhaitent s&rsquo;initier \u00e0 de nouvelles pratiques dans le cadre du dispositif\u00a0<strong>M\u00e9tropole Vacances sportives Printemps<\/strong>\u00a0au Parc de Lacroix Laval. Les ateliers Rugby \u00e0 XIII anim\u00e9s par Arnaud Peronin Rayan Brouche et Quentin Galais du Comit\u00e9 du Rh\u00f4ne et M\u00e9tropole de Lyon affichent une belle affluence depuis Lundi avec le retour du soleil et la participation de groupes de jeunes en provenance des MJC, centres sociaux ou m\u00eame de particuliers inscrits au dispositif de la M\u00e9tropole. Des ateliers ludiques avec ballon ovale sont mis en place et appr\u00e9ci\u00e9s par les jeunes dont certains d\u00e9couvrent le jeu d&rsquo;\u00e9vitement\u00a0et des jeux comme le carr\u00e9 magique, l&rsquo;\u00e9pervier ou le voleur de\u00a0ballons!\u00a0 Ci-joint un reportage Photo.\u00a0Merci \u00e0 la M\u00e9tropole de Lyon pour la mise en place de ces animations pendant les vacances qui sont gratuites pour tous les participants.\u00a0<\/p>\n\n\n\n<figure class=\"wp-block-gallery has-nested-images columns-default is-cropped wp-block-gallery-1 is-layout-flex wp-block-gallery-is-layout-flex\">\n<figure class=\"wp-block-image size-large is-style-default\"><a href=\"https:\/\/www.comiterhone13.fr\/wp-content\/uploads\/2022\/04\/accueil-des-jeunes.jpg\"><img loading=\"lazy\" decoding=\"async\" width=\"1024\" height=\"768\" data-id=\"6381\" src=\"https:\/\/www.comiterhone13.fr\/wp-content\/uploads\/2022\/04\/accueil-des-jeunes-1024x768.jpg\" alt=\"\" class=\"wp-image-6381\" srcset=\"https:\/\/www.comiterhone13.fr\/wp-content\/uploads\/2022\/04\/accueil-des-jeunes-1024x768.jpg 1024w, https:\/\/www.comiterhone13.fr\/wp-content\/uploads\/2022\/04\/accueil-des-jeunes-300x225.jpg 300w, https:\/\/www.comiterhone13.fr\/wp-content\/uploads\/2022\/04\/accueil-des-jeunes-768x576.jpg 768w, https:\/\/www.comiterhone13.fr\/wp-content\/uploads\/2022\/04\/accueil-des-jeunes.jpg 1300w\" sizes=\"(max-width: 1024px) 100vw, 1024px\" \/><\/a><\/figure>\n\n\n\n<figure class=\"wp-block-image size-large is-style-default\"><a href=\"https:\/\/www.comiterhone13.fr\/wp-content\/uploads\/2022\/04\/Arnaud-arbitre-les-echanges.jpg\"><img loading=\"lazy\" decoding=\"async\" width=\"1017\" height=\"763\" data-id=\"6376\" src=\"https:\/\/www.comiterhone13.fr\/wp-content\/uploads\/2022\/04\/Arnaud-arbitre-les-echanges.jpg\" alt=\"\" class=\"wp-image-6376\" srcset=\"https:\/\/www.comiterhone13.fr\/wp-content\/uploads\/2022\/04\/Arnaud-arbitre-les-echanges.jpg 1017w, https:\/\/www.comiterhone13.fr\/wp-content\/uploads\/2022\/04\/Arnaud-arbitre-les-echanges-300x225.jpg 300w, https:\/\/www.comiterhone13.fr\/wp-content\/uploads\/2022\/04\/Arnaud-arbitre-les-echanges-768x576.jpg 768w\" sizes=\"(max-width: 1017px) 100vw, 1017px\" \/><\/a><\/figure>\n\n\n\n<figure class=\"wp-block-image size-large is-style-default\"><a href=\"https:\/\/www.comiterhone13.fr\/wp-content\/uploads\/2022\/04\/Arnaud-et-Quentin-animent-le-stage-rugby-XIII.jpg\"><img loading=\"lazy\" decoding=\"async\" width=\"847\" height=\"636\" data-id=\"6375\" src=\"https:\/\/www.comiterhone13.fr\/wp-content\/uploads\/2022\/04\/Arnaud-et-Quentin-animent-le-stage-rugby-XIII.jpg\" alt=\"\" class=\"wp-image-6375\" srcset=\"https:\/\/www.comiterhone13.fr\/wp-content\/uploads\/2022\/04\/Arnaud-et-Quentin-animent-le-stage-rugby-XIII.jpg 847w, https:\/\/www.comiterhone13.fr\/wp-content\/uploads\/2022\/04\/Arnaud-et-Quentin-animent-le-stage-rugby-XIII-300x225.jpg 300w, https:\/\/www.comiterhone13.fr\/wp-content\/uploads\/2022\/04\/Arnaud-et-Quentin-animent-le-stage-rugby-XIII-768x577.jpg 768w\" sizes=\"(max-width: 847px) 100vw, 847px\" \/><\/a><\/figure>\n\n\n\n<figure class=\"wp-block-image size-large is-style-default\"><a href=\"https:\/\/www.comiterhone13.fr\/wp-content\/uploads\/2022\/04\/arnaud-presente-le-programme.jpg\"><img loading=\"lazy\" decoding=\"async\" width=\"1024\" height=\"768\" data-id=\"6383\" src=\"https:\/\/www.comiterhone13.fr\/wp-content\/uploads\/2022\/04\/arnaud-presente-le-programme-1024x768.jpg\" alt=\"\" class=\"wp-image-6383\" srcset=\"https:\/\/www.comiterhone13.fr\/wp-content\/uploads\/2022\/04\/arnaud-presente-le-programme-1024x768.jpg 1024w, https:\/\/www.comiterhone13.fr\/wp-content\/uploads\/2022\/04\/arnaud-presente-le-programme-300x225.jpg 300w, https:\/\/www.comiterhone13.fr\/wp-content\/uploads\/2022\/04\/arnaud-presente-le-programme-768x576.jpg 768w, https:\/\/www.comiterhone13.fr\/wp-content\/uploads\/2022\/04\/arnaud-presente-le-programme.jpg 1516w\" sizes=\"(max-width: 1024px) 100vw, 1024px\" \/><\/a><\/figure>\n\n\n\n<figure class=\"wp-block-image size-large is-style-default\"><a href=\"https:\/\/www.comiterhone13.fr\/wp-content\/uploads\/2022\/04\/atelier-ludique-Rugby-a\u0300-XIII-avec-Arnaud.jpg\"><img loading=\"lazy\" decoding=\"async\" width=\"1024\" height=\"768\" data-id=\"6379\" src=\"https:\/\/www.comiterhone13.fr\/wp-content\/uploads\/2022\/04\/atelier-ludique-Rugby-a\u0300-XIII-avec-Arnaud-1024x768.jpg\" alt=\"\" class=\"wp-image-6379\" srcset=\"https:\/\/www.comiterhone13.fr\/wp-content\/uploads\/2022\/04\/atelier-ludique-Rugby-a\u0300-XIII-avec-Arnaud-1024x768.jpg 1024w, https:\/\/www.comiterhone13.fr\/wp-content\/uploads\/2022\/04\/atelier-ludique-Rugby-a\u0300-XIII-avec-Arnaud-300x225.jpg 300w, https:\/\/www.comiterhone13.fr\/wp-content\/uploads\/2022\/04\/atelier-ludique-Rugby-a\u0300-XIII-avec-Arnaud-768x576.jpg 768w, https:\/\/www.comiterhone13.fr\/wp-content\/uploads\/2022\/04\/atelier-ludique-Rugby-a\u0300-XIII-avec-Arnaud.jpg 1210w\" sizes=\"(max-width: 1024px) 100vw, 1024px\" \/><\/a><\/figure>\n\n\n\n<figure class=\"wp-block-image size-large is-style-default\"><a href=\"https:\/\/www.comiterhone13.fr\/wp-content\/uploads\/2022\/04\/initiation-a\u0300-la-passe.jpg\"><img loading=\"lazy\" decoding=\"async\" width=\"1024\" height=\"768\" data-id=\"6382\" src=\"https:\/\/www.comiterhone13.fr\/wp-content\/uploads\/2022\/04\/initiation-a\u0300-la-passe-1024x768.jpg\" alt=\"\" class=\"wp-image-6382\" srcset=\"https:\/\/www.comiterhone13.fr\/wp-content\/uploads\/2022\/04\/initiation-a\u0300-la-passe-1024x768.jpg 1024w, https:\/\/www.comiterhone13.fr\/wp-content\/uploads\/2022\/04\/initiation-a\u0300-la-passe-300x225.jpg 300w, https:\/\/www.comiterhone13.fr\/wp-content\/uploads\/2022\/04\/initiation-a\u0300-la-passe-768x576.jpg 768w, https:\/\/www.comiterhone13.fr\/wp-content\/uploads\/2022\/04\/initiation-a\u0300-la-passe.jpg 1300w\" sizes=\"(max-width: 1024px) 100vw, 1024px\" \/><\/a><\/figure>\n\n\n\n<figure class=\"wp-block-image size-large is-style-default\"><a href=\"https:\/\/www.comiterhone13.fr\/wp-content\/uploads\/2022\/04\/initiation-de-deux-groupes.jpg\"><img loading=\"lazy\" decoding=\"async\" width=\"1017\" height=\"763\" data-id=\"6378\" src=\"https:\/\/www.comiterhone13.fr\/wp-content\/uploads\/2022\/04\/initiation-de-deux-groupes.jpg\" alt=\"\" class=\"wp-image-6378\" srcset=\"https:\/\/www.comiterhone13.fr\/wp-content\/uploads\/2022\/04\/initiation-de-deux-groupes.jpg 1017w, https:\/\/www.comiterhone13.fr\/wp-content\/uploads\/2022\/04\/initiation-de-deux-groupes-300x225.jpg 300w, https:\/\/www.comiterhone13.fr\/wp-content\/uploads\/2022\/04\/initiation-de-deux-groupes-768x576.jpg 768w\" sizes=\"(max-width: 1017px) 100vw, 1017px\" \/><\/a><\/figure>\n\n\n\n<figure class=\"wp-block-image size-large is-style-default\"><a href=\"https:\/\/www.comiterhone13.fr\/wp-content\/uploads\/2022\/04\/mise-en-place-du-carre\u0301-magique.jpg\"><img loading=\"lazy\" decoding=\"async\" width=\"989\" height=\"742\" data-id=\"6377\" src=\"https:\/\/www.comiterhone13.fr\/wp-content\/uploads\/2022\/04\/mise-en-place-du-carre\u0301-magique.jpg\" alt=\"\" class=\"wp-image-6377\" srcset=\"https:\/\/www.comiterhone13.fr\/wp-content\/uploads\/2022\/04\/mise-en-place-du-carre\u0301-magique.jpg 989w, https:\/\/www.comiterhone13.fr\/wp-content\/uploads\/2022\/04\/mise-en-place-du-carre\u0301-magique-300x225.jpg 300w, https:\/\/www.comiterhone13.fr\/wp-content\/uploads\/2022\/04\/mise-en-place-du-carre\u0301-magique-768x576.jpg 768w\" sizes=\"(max-width: 989px) 100vw, 989px\" \/><\/a><\/figure>\n\n\n\n<figure class=\"wp-block-image size-large is-style-default\"><a href=\"https:\/\/www.comiterhone13.fr\/wp-content\/uploads\/2022\/04\/MVS-Printemps.jpg\"><img loading=\"lazy\" decoding=\"async\" width=\"768\" height=\"1024\" data-id=\"6380\" src=\"https:\/\/www.comiterhone13.fr\/wp-content\/uploads\/2022\/04\/MVS-Printemps-768x1024.jpg\" alt=\"\" class=\"wp-image-6380\" srcset=\"https:\/\/www.comiterhone13.fr\/wp-content\/uploads\/2022\/04\/MVS-Printemps-768x1024.jpg 768w, https:\/\/www.comiterhone13.fr\/wp-content\/uploads\/2022\/04\/MVS-Printemps-225x300.jpg 225w, https:\/\/www.comiterhone13.fr\/wp-content\/uploads\/2022\/04\/MVS-Printemps-1152x1536.jpg 1152w, https:\/\/www.comiterhone13.fr\/wp-content\/uploads\/2022\/04\/MVS-Printemps.jpg 1392w\" sizes=\"(max-width: 768px) 100vw, 768px\" \/><\/a><\/figure>\n<\/figure>\n","protected":false},"excerpt":{"rendered":"<p>derni\u00e8re semaine de pratique sportive pour les jeunes de la M\u00e9tropole de Lyon qui souhaitent s&rsquo;initier \u00e0 de nouvelles pratiques dans le cadre du dispositif\u00a0M\u00e9tropole Vacances sportives Printemps\u00a0au Parc de Lacroix Laval. Les ateliers&#46;&#46;&#46;<\/p>\n","protected":false},"author":1,"featured_media":6376,"comment_status":"closed","ping_status":"closed","sticky":false,"template":"","format":"standard","meta":{"footnotes":""},"categories":[7,23],"tags":[72],"_links":{"self":[{"href":"https:\/\/www.comiterhone13.fr\/index.php?rest_route=\/wp\/v2\/posts\/6374"}],"collection":[{"href":"https:\/\/www.comiterhone13.fr\/index.php?rest_route=\/wp\/v2\/posts"}],"about":[{"href":"https:\/\/www.comiterhone13.fr\/index.php?rest_route=\/wp\/v2\/types\/post"}],"author":[{"embeddable":true,"href":"https:\/\/www.comiterhone13.fr\/index.php?rest_route=\/wp\/v2\/users\/1"}],"replies":[{"embeddable":true,"href":"https:\/\/www.comiterhone13.fr\/index.php?rest_route=%2Fwp%2Fv2%2Fcomments&post=6374"}],"version-history":[{"count":1,"href":"https:\/\/www.comiterhone13.fr\/index.php?rest_route=\/wp\/v2\/posts\/6374\/revisions"}],"predecessor-version":[{"id":6384,"href":"https:\/\/www.comiterhone13.fr\/index.php?rest_route=\/wp\/v2\/posts\/6374\/revisions\/6384"}],"wp:featuredmedia":[{"embeddable":true,"href":"https:\/\/www.comiterhone13.fr\/index.php?rest_route=\/wp\/v2\/media\/6376"}],"wp:attachment":[{"href":"https:\/\/www.comiterhone13.fr\/index.php?rest_route=%2Fwp%2Fv2%2Fmedia&parent=6374"}],"wp:term":[{"taxonomy":"category","embeddable":true,"href":"https:\/\/www.comiterhone13.fr\/index.php?rest_route=%2Fwp%2Fv2%2Fcategories&post=6374"},{"taxonomy":"post_tag","embeddable":true,"href":"https:\/\/www.comiterhone13.fr\/index.php?rest_route=%2Fwp%2Fv2%2Ftags&post=6374"}],"curies":[{"name":"wp","href":"https:\/\/api.w.org\/{rel}","templated":true}]}}