{"id":7299,"date":"2022-12-12T08:14:21","date_gmt":"2022-12-12T07:14:21","guid":{"rendered":"https:\/\/www.comiterhone13.fr\/?p=7299"},"modified":"2022-12-12T08:16:24","modified_gmt":"2022-12-12T07:16:24","slug":"troisieme-etape-du-challenge-avenir-ce-10-decembre-a-decines%ef%bf%bc","status":"publish","type":"post","link":"https:\/\/www.comiterhone13.fr\/?p=7299","title":{"rendered":"Troisi\u00e8me Etape du Challenge Avenir ce 10 d\u00e9cembre \u00e0 DECINES"},"content":{"rendered":"\n<p>Une troisi\u00e8me \u00e9tape du Challenge Avenir tr\u00e8s anim\u00e9e ce samedi au stade Djorkaeff de D\u00e9cines avec plus de 200 jeunes des Ecoles de Rugby \u00e0 XIII de la M\u00e9tropole de Lyon malgr\u00e9 une temp\u00e9rature hivernale et proche de 0 degr\u00e9s! <\/p>\n\n\n\n<p>Des sourires, de la bonne humeur chez tous ces jeunes U7 -U9 &#8211; U11 le matin et les U13 l&rsquo;apr\u00e8s midi des \u00e9coles de Rugby de D\u00e9cines Rugby League XIII, Sainte Foy Rugby League, Charpennes Tonkin Tigers, VVRL XIII &#8211; Vaulx en Velin Rugby League XIII et Caluire RL, tous pr\u00e9sents d\u00e8s le matin 10h au stade Djorkaeff de D\u00e9cines. <\/p>\n\n\n\n<p>Si les Lions de SFRL ont pu soulever le bouclier dans leur cat\u00e9gorie U9 et U11, en U13, les locaux, les dauphins de DRL coach\u00e9s par Eric ont pris leur revanche en se glissant sur la plus haute marche devant SFRL, VVRL et la formation des Tigers\/Caluire RL. de. <\/p>\n\n\n\n<p>Bravo \u00e0 tous pour cette d\u00e9bauche d&rsquo;\u00e9nergie malgr\u00e9 la fraicheur ambiante ! <\/p>\n\n\n\n<p>C&rsquo;\u00e9tait une fa\u00e7on de bien finir l&rsquo;ann\u00e9e avant une tr\u00eave pour les vacances de fin d&rsquo;ann\u00e9e et une reprise au mois de Janvier 2023 avec une quatri\u00e8me \u00e9tape qui aura lieu le 21 Janvier au stade du Plan du Loup \u00e0 Sainte foy l\u00e8s Lyon.! <\/p>\n\n\n\n<p>Un grand Merci aux jeunes, aux parents, aux arbitres b\u00e9n\u00e9voles et aux dirigeants du D\u00e9cines Rugby League XIII autour de leur Pr\u00e9sident Tarek Jelali pour cette organisation du tournoi sans faille.<\/p>\n\n\n\n<p><img decoding=\"async\" src=\"https:\/\/fonts.gstatic.com\/s\/e\/notoemoji\/15.0\/1f600\/72.png\" alt=\"&#x1f600;\"><img decoding=\"async\" src=\"https:\/\/fonts.gstatic.com\/s\/e\/notoemoji\/15.0\/1f3c8\/72.png\" alt=\"&#x1f3c8;\"><img decoding=\"async\" src=\"https:\/\/fonts.gstatic.com\/s\/e\/notoemoji\/15.0\/1f603\/72.png\" alt=\"&#x1f603;\"><\/p>\n\n\n\n<figure class=\"wp-block-gallery has-nested-images columns-default is-cropped wp-block-gallery-1 is-layout-flex wp-block-gallery-is-layout-flex\">\n<figure class=\"wp-block-image size-large is-style-default\"><a href=\"https:\/\/www.comiterhone13.fr\/wp-content\/uploads\/2022\/12\/Attente-des-resultats-pour-les-U9-et-U11.jpg\"><img loading=\"lazy\" decoding=\"async\" width=\"1017\" height=\"763\" data-id=\"7307\" src=\"https:\/\/www.comiterhone13.fr\/wp-content\/uploads\/2022\/12\/Attente-des-resultats-pour-les-U9-et-U11.jpg\" alt=\"\" class=\"wp-image-7307\" srcset=\"https:\/\/www.comiterhone13.fr\/wp-content\/uploads\/2022\/12\/Attente-des-resultats-pour-les-U9-et-U11.jpg 1017w, https:\/\/www.comiterhone13.fr\/wp-content\/uploads\/2022\/12\/Attente-des-resultats-pour-les-U9-et-U11-300x225.jpg 300w, https:\/\/www.comiterhone13.fr\/wp-content\/uploads\/2022\/12\/Attente-des-resultats-pour-les-U9-et-U11-768x576.jpg 768w\" sizes=\"(max-width: 1017px) 100vw, 1017px\" \/><\/a><\/figure>\n\n\n\n<figure class=\"wp-block-image size-large is-style-default\"><a href=\"https:\/\/www.comiterhone13.fr\/wp-content\/uploads\/2022\/12\/la-joie-des-Tigers-U11-des-Tigers-de-Villeurbannee.jpg\"><img loading=\"lazy\" decoding=\"async\" width=\"1024\" height=\"461\" data-id=\"7302\" src=\"https:\/\/www.comiterhone13.fr\/wp-content\/uploads\/2022\/12\/la-joie-des-Tigers-U11-des-Tigers-de-Villeurbannee-1024x461.jpg\" alt=\"\" class=\"wp-image-7302\" srcset=\"https:\/\/www.comiterhone13.fr\/wp-content\/uploads\/2022\/12\/la-joie-des-Tigers-U11-des-Tigers-de-Villeurbannee-1024x461.jpg 1024w, https:\/\/www.comiterhone13.fr\/wp-content\/uploads\/2022\/12\/la-joie-des-Tigers-U11-des-Tigers-de-Villeurbannee-300x135.jpg 300w, https:\/\/www.comiterhone13.fr\/wp-content\/uploads\/2022\/12\/la-joie-des-Tigers-U11-des-Tigers-de-Villeurbannee-768x346.jpg 768w, https:\/\/www.comiterhone13.fr\/wp-content\/uploads\/2022\/12\/la-joie-des-Tigers-U11-des-Tigers-de-Villeurbannee.jpg 1120w\" sizes=\"(max-width: 1024px) 100vw, 1024px\" \/><\/a><\/figure>\n\n\n\n<figure class=\"wp-block-image size-large is-style-default\"><a href=\"https:\/\/www.comiterhone13.fr\/wp-content\/uploads\/2022\/12\/le-sourire-des-U9-de-Caluire-dauphin-du-tournoi.jpg\"><img loading=\"lazy\" decoding=\"async\" width=\"1024\" height=\"461\" data-id=\"7301\" src=\"https:\/\/www.comiterhone13.fr\/wp-content\/uploads\/2022\/12\/le-sourire-des-U9-de-Caluire-dauphin-du-tournoi-1024x461.jpg\" alt=\"\" class=\"wp-image-7301\" srcset=\"https:\/\/www.comiterhone13.fr\/wp-content\/uploads\/2022\/12\/le-sourire-des-U9-de-Caluire-dauphin-du-tournoi-1024x461.jpg 1024w, https:\/\/www.comiterhone13.fr\/wp-content\/uploads\/2022\/12\/le-sourire-des-U9-de-Caluire-dauphin-du-tournoi-300x135.jpg 300w, https:\/\/www.comiterhone13.fr\/wp-content\/uploads\/2022\/12\/le-sourire-des-U9-de-Caluire-dauphin-du-tournoi-768x346.jpg 768w, https:\/\/www.comiterhone13.fr\/wp-content\/uploads\/2022\/12\/le-sourire-des-U9-de-Caluire-dauphin-du-tournoi.jpg 1120w\" sizes=\"(max-width: 1024px) 100vw, 1024px\" \/><\/a><\/figure>\n\n\n\n<figure class=\"wp-block-image size-large is-style-default\"><a href=\"https:\/\/www.comiterhone13.fr\/wp-content\/uploads\/2022\/12\/le-sourire-des-U9-de-SFRL-avec-le-bouclier-de-vauiqueur.jpg\"><img loading=\"lazy\" decoding=\"async\" width=\"1024\" height=\"461\" data-id=\"7304\" src=\"https:\/\/www.comiterhone13.fr\/wp-content\/uploads\/2022\/12\/le-sourire-des-U9-de-SFRL-avec-le-bouclier-de-vauiqueur-1024x461.jpg\" alt=\"\" class=\"wp-image-7304\" srcset=\"https:\/\/www.comiterhone13.fr\/wp-content\/uploads\/2022\/12\/le-sourire-des-U9-de-SFRL-avec-le-bouclier-de-vauiqueur-1024x461.jpg 1024w, https:\/\/www.comiterhone13.fr\/wp-content\/uploads\/2022\/12\/le-sourire-des-U9-de-SFRL-avec-le-bouclier-de-vauiqueur-300x135.jpg 300w, https:\/\/www.comiterhone13.fr\/wp-content\/uploads\/2022\/12\/le-sourire-des-U9-de-SFRL-avec-le-bouclier-de-vauiqueur-768x346.jpg 768w, https:\/\/www.comiterhone13.fr\/wp-content\/uploads\/2022\/12\/le-sourire-des-U9-de-SFRL-avec-le-bouclier-de-vauiqueur.jpg 1120w\" sizes=\"(max-width: 1024px) 100vw, 1024px\" \/><\/a><\/figure>\n\n\n\n<figure class=\"wp-block-image size-large is-style-default\"><a href=\"https:\/\/www.comiterhone13.fr\/wp-content\/uploads\/2022\/12\/lecture-par-Tarek-Jelali-du-tournoi-U.jpg\"><img loading=\"lazy\" decoding=\"async\" width=\"1024\" height=\"461\" data-id=\"7306\" src=\"https:\/\/www.comiterhone13.fr\/wp-content\/uploads\/2022\/12\/lecture-par-Tarek-Jelali-du-tournoi-U-1024x461.jpg\" alt=\"\" class=\"wp-image-7306\" srcset=\"https:\/\/www.comiterhone13.fr\/wp-content\/uploads\/2022\/12\/lecture-par-Tarek-Jelali-du-tournoi-U-1024x461.jpg 1024w, https:\/\/www.comiterhone13.fr\/wp-content\/uploads\/2022\/12\/lecture-par-Tarek-Jelali-du-tournoi-U-300x135.jpg 300w, https:\/\/www.comiterhone13.fr\/wp-content\/uploads\/2022\/12\/lecture-par-Tarek-Jelali-du-tournoi-U-768x346.jpg 768w, https:\/\/www.comiterhone13.fr\/wp-content\/uploads\/2022\/12\/lecture-par-Tarek-Jelali-du-tournoi-U.jpg 1120w\" sizes=\"(max-width: 1024px) 100vw, 1024px\" \/><\/a><\/figure>\n\n\n\n<figure class=\"wp-block-image size-large is-style-default\"><a href=\"https:\/\/www.comiterhone13.fr\/wp-content\/uploads\/2022\/12\/Les-dauphins-de-DRL-sur-la-plus-haute-marche-en-U13.jpg\"><img loading=\"lazy\" decoding=\"async\" width=\"861\" height=\"646\" data-id=\"7305\" src=\"https:\/\/www.comiterhone13.fr\/wp-content\/uploads\/2022\/12\/Les-dauphins-de-DRL-sur-la-plus-haute-marche-en-U13.jpg\" alt=\"\" class=\"wp-image-7305\" srcset=\"https:\/\/www.comiterhone13.fr\/wp-content\/uploads\/2022\/12\/Les-dauphins-de-DRL-sur-la-plus-haute-marche-en-U13.jpg 861w, https:\/\/www.comiterhone13.fr\/wp-content\/uploads\/2022\/12\/Les-dauphins-de-DRL-sur-la-plus-haute-marche-en-U13-300x225.jpg 300w, https:\/\/www.comiterhone13.fr\/wp-content\/uploads\/2022\/12\/Les-dauphins-de-DRL-sur-la-plus-haute-marche-en-U13-768x576.jpg 768w\" sizes=\"(max-width: 861px) 100vw, 861px\" \/><\/a><\/figure>\n\n\n\n<figure class=\"wp-block-image size-large is-style-default\"><a href=\"https:\/\/www.comiterhone13.fr\/wp-content\/uploads\/2022\/12\/les-jeunes-U9-de-Caluire.jpg\"><img loading=\"lazy\" decoding=\"async\" width=\"1024\" height=\"461\" data-id=\"7308\" src=\"https:\/\/www.comiterhone13.fr\/wp-content\/uploads\/2022\/12\/les-jeunes-U9-de-Caluire-1024x461.jpg\" alt=\"\" class=\"wp-image-7308\" srcset=\"https:\/\/www.comiterhone13.fr\/wp-content\/uploads\/2022\/12\/les-jeunes-U9-de-Caluire-1024x461.jpg 1024w, https:\/\/www.comiterhone13.fr\/wp-content\/uploads\/2022\/12\/les-jeunes-U9-de-Caluire-300x135.jpg 300w, https:\/\/www.comiterhone13.fr\/wp-content\/uploads\/2022\/12\/les-jeunes-U9-de-Caluire-768x346.jpg 768w, https:\/\/www.comiterhone13.fr\/wp-content\/uploads\/2022\/12\/les-jeunes-U9-de-Caluire.jpg 1210w\" sizes=\"(max-width: 1024px) 100vw, 1024px\" \/><\/a><\/figure>\n\n\n\n<figure class=\"wp-block-image size-large is-style-default\"><a href=\"https:\/\/www.comiterhone13.fr\/wp-content\/uploads\/2022\/12\/Les-Lions-de-SFRL-U11-brandissent-le-bouclier.jpg\"><img loading=\"lazy\" decoding=\"async\" width=\"1024\" height=\"461\" data-id=\"7303\" src=\"https:\/\/www.comiterhone13.fr\/wp-content\/uploads\/2022\/12\/Les-Lions-de-SFRL-U11-brandissent-le-bouclier-1024x461.jpg\" alt=\"\" class=\"wp-image-7303\" srcset=\"https:\/\/www.comiterhone13.fr\/wp-content\/uploads\/2022\/12\/Les-Lions-de-SFRL-U11-brandissent-le-bouclier-1024x461.jpg 1024w, https:\/\/www.comiterhone13.fr\/wp-content\/uploads\/2022\/12\/Les-Lions-de-SFRL-U11-brandissent-le-bouclier-300x135.jpg 300w, https:\/\/www.comiterhone13.fr\/wp-content\/uploads\/2022\/12\/Les-Lions-de-SFRL-U11-brandissent-le-bouclier-768x346.jpg 768w, https:\/\/www.comiterhone13.fr\/wp-content\/uploads\/2022\/12\/Les-Lions-de-SFRL-U11-brandissent-le-bouclier.jpg 1120w\" sizes=\"(max-width: 1024px) 100vw, 1024px\" \/><\/a><\/figure>\n\n\n\n<figure class=\"wp-block-image size-large is-style-default\"><img loading=\"lazy\" decoding=\"async\" width=\"640\" height=\"480\" data-id=\"7300\" src=\"https:\/\/www.comiterhone13.fr\/wp-content\/uploads\/2022\/12\/les-Lions-de-VVRL-sur-le-podium.jpg\" alt=\"\" class=\"wp-image-7300\" srcset=\"https:\/\/www.comiterhone13.fr\/wp-content\/uploads\/2022\/12\/les-Lions-de-VVRL-sur-le-podium.jpg 640w, https:\/\/www.comiterhone13.fr\/wp-content\/uploads\/2022\/12\/les-Lions-de-VVRL-sur-le-podium-300x225.jpg 300w\" sizes=\"(max-width: 640px) 100vw, 640px\" \/><\/figure>\n\n\n\n<figure class=\"wp-block-image size-large is-style-default\"><a href=\"https:\/\/www.comiterhone13.fr\/wp-content\/uploads\/2022\/12\/Les-Lions-U13-de-SFRL-en-deuxie\u0300me-poosition.jpg\"><img loading=\"lazy\" decoding=\"async\" width=\"1024\" height=\"768\" data-id=\"7309\" src=\"https:\/\/www.comiterhone13.fr\/wp-content\/uploads\/2022\/12\/Les-Lions-U13-de-SFRL-en-deuxie\u0300me-poosition-1024x768.jpg\" alt=\"\" class=\"wp-image-7309\" srcset=\"https:\/\/www.comiterhone13.fr\/wp-content\/uploads\/2022\/12\/Les-Lions-U13-de-SFRL-en-deuxie\u0300me-poosition-1024x768.jpg 1024w, https:\/\/www.comiterhone13.fr\/wp-content\/uploads\/2022\/12\/Les-Lions-U13-de-SFRL-en-deuxie\u0300me-poosition-300x225.jpg 300w, https:\/\/www.comiterhone13.fr\/wp-content\/uploads\/2022\/12\/Les-Lions-U13-de-SFRL-en-deuxie\u0300me-poosition-768x576.jpg 768w, https:\/\/www.comiterhone13.fr\/wp-content\/uploads\/2022\/12\/Les-Lions-U13-de-SFRL-en-deuxie\u0300me-poosition.jpg 1229w\" sizes=\"(max-width: 1024px) 100vw, 1024px\" \/><\/a><\/figure>\n<\/figure>\n","protected":false},"excerpt":{"rendered":"<p>Une troisi\u00e8me \u00e9tape du Challenge Avenir tr\u00e8s anim\u00e9e ce samedi au stade Djorkaeff de D\u00e9cines avec plus de 200 jeunes des Ecoles de Rugby \u00e0 XIII de la M\u00e9tropole de Lyon malgr\u00e9 une temp\u00e9rature&#46;&#46;&#46;<\/p>\n","protected":false},"author":1,"featured_media":7304,"comment_status":"closed","ping_status":"closed","sticky":false,"template":"","format":"standard","meta":{"footnotes":""},"categories":[44,23],"tags":[9],"_links":{"self":[{"href":"https:\/\/www.comiterhone13.fr\/index.php?rest_route=\/wp\/v2\/posts\/7299"}],"collection":[{"href":"https:\/\/www.comiterhone13.fr\/index.php?rest_route=\/wp\/v2\/posts"}],"about":[{"href":"https:\/\/www.comiterhone13.fr\/index.php?rest_route=\/wp\/v2\/types\/post"}],"author":[{"embeddable":true,"href":"https:\/\/www.comiterhone13.fr\/index.php?rest_route=\/wp\/v2\/users\/1"}],"replies":[{"embeddable":true,"href":"https:\/\/www.comiterhone13.fr\/index.php?rest_route=%2Fwp%2Fv2%2Fcomments&post=7299"}],"version-history":[{"count":2,"href":"https:\/\/www.comiterhone13.fr\/index.php?rest_route=\/wp\/v2\/posts\/7299\/revisions"}],"predecessor-version":[{"id":7312,"href":"https:\/\/www.comiterhone13.fr\/index.php?rest_route=\/wp\/v2\/posts\/7299\/revisions\/7312"}],"wp:featuredmedia":[{"embeddable":true,"href":"https:\/\/www.comiterhone13.fr\/index.php?rest_route=\/wp\/v2\/media\/7304"}],"wp:attachment":[{"href":"https:\/\/www.comiterhone13.fr\/index.php?rest_route=%2Fwp%2Fv2%2Fmedia&parent=7299"}],"wp:term":[{"taxonomy":"category","embeddable":true,"href":"https:\/\/www.comiterhone13.fr\/index.php?rest_route=%2Fwp%2Fv2%2Fcategories&post=7299"},{"taxonomy":"post_tag","embeddable":true,"href":"https:\/\/www.comiterhone13.fr\/index.php?rest_route=%2Fwp%2Fv2%2Ftags&post=7299"}],"curies":[{"name":"wp","href":"https:\/\/api.w.org\/{rel}","templated":true}]}}