{"id":7987,"date":"2023-09-14T08:48:42","date_gmt":"2023-09-14T07:48:42","guid":{"rendered":"https:\/\/www.comiterhone13.fr\/?p=7987"},"modified":"2023-09-14T08:48:43","modified_gmt":"2023-09-14T07:48:43","slug":"des-ateliers-rugby-pour-lintegration-des-nouveaux-collegiens-de-mere-teresa-a-villeurbanne","status":"publish","type":"post","link":"https:\/\/www.comiterhone13.fr\/?p=7987","title":{"rendered":"DES ATELIERS RUGBY POUR L\u2019INT\u00c9GRATION DES NOUVEAUX COLL\u00c9GIENS DE M\u00c8RE TERESA A VILLEURBANNE"},"content":{"rendered":"\n<p>C&rsquo;\u00e9tait Jour de rentr\u00e9e sportive pour une cinquantaine de coll\u00e9giens de 6e -5e 4e et 3e de la section SEGPA du Coll\u00e8ge M\u00e8re Teresa de Villeurbanne. Ils ont particip\u00e9 \u00e0 un stage d&rsquo;activit\u00e9s physiques et de coh\u00e9sion autour du Rugby \u00e0 XIII conduit par Emma, Morine, Quentin, Rayan et Sebastien, animateurs du <a href=\"https:\/\/www.facebook.com\/comitedurhonerugbyaXIII?__cft__[0]=AZVLKqJaiRbZUmhb1f6ODpzMqoVLS8u74Nn0VY-mHivaZpJhZ1cCzh9Yv3opW5nIkaFZZG1BYdgFi-eOEM5DtzDCKlcJcFScsruInWiLZqRhCvj4-KJU_YztyKmwLrNO_WgNpVRkgQS7mPvX8Pabti4Le9ZpvJjl53gD9XjKgqiGkvD7QmGfMvd2qh_Ku1T-dkg&amp;__tn__=-]K-R\">Comit\u00e9 Rh\u00f4ne et M\u00e9tropole de Lyon rugby \u00e0 XIII<\/a> . <\/p>\n\n\n\n<p>L&rsquo;objectif \u00e9tait de faciliter l&rsquo;int\u00e9gration pour la quinzaine de nouveaux \u00e9l\u00e8ves de 6eme et de renforcer la coh\u00e9sion, la solidarit\u00e9 et le d\u00e9passement de soi pour tous les coll\u00e9giens. <\/p>\n\n\n\n<p>R\u00e9partis en 9 groupes de 5 \u00e9l\u00e8ves, les jeunes ont particip\u00e9 \u00e0 diff\u00e9rents ateliers compos\u00e9s de vagues de passes,radeau,tir \u00e0 la corde,ateliers de motricit\u00e9,coordination-motricit\u00e9- initiation au placage &#8211; et rencontres de Tag XIII. <\/p>\n\n\n\n<p>Ces ateliers ludiques font appel \u00e0 l&rsquo;engagement,le d\u00e9passement de soi, l&rsquo;entraide, l&rsquo;esprit d&rsquo;\u00e9quipe, l&rsquo;encouragement, le tout avec le sourire et la bonne humeur. L&rsquo;essai a \u00e9t\u00e9 transform\u00e9 \u00e0 voir les larges sourires chez les petits comme les grands et la satisfaction des enseignants pr\u00e9sents sur la journ\u00e9e! <img loading=\"lazy\" decoding=\"async\" height=\"16\" width=\"16\" src=\"https:\/\/static.xx.fbcdn.net\/images\/emoji.php\/v9\/tf0\/2\/16\/1f603.png\" alt=\"&#x1f603;\"><img loading=\"lazy\" decoding=\"async\" height=\"16\" width=\"16\" src=\"https:\/\/static.xx.fbcdn.net\/images\/emoji.php\/v9\/t5f\/2\/16\/1f3c8.png\" alt=\"&#x1f3c8;\"><img loading=\"lazy\" decoding=\"async\" height=\"16\" width=\"16\" src=\"https:\/\/static.xx.fbcdn.net\/images\/emoji.php\/v9\/t6f\/2\/16\/1f602.png\" alt=\"&#x1f602;\"><\/p>\n\n\n\n<figure class=\"wp-block-gallery has-nested-images columns-default is-cropped wp-block-gallery-1 is-layout-flex wp-block-gallery-is-layout-flex\">\n<figure class=\"wp-block-image size-large is-style-default\"><a href=\"https:\/\/www.comiterhone13.fr\/wp-content\/uploads\/2023\/09\/20230912_150006-scaled.jpg\"><img loading=\"lazy\" decoding=\"async\" width=\"1024\" height=\"461\" data-id=\"7994\" src=\"https:\/\/www.comiterhone13.fr\/wp-content\/uploads\/2023\/09\/20230912_150006-1024x461.jpg\" alt=\"\" class=\"wp-image-7994\" srcset=\"https:\/\/www.comiterhone13.fr\/wp-content\/uploads\/2023\/09\/20230912_150006-1024x461.jpg 1024w, https:\/\/www.comiterhone13.fr\/wp-content\/uploads\/2023\/09\/20230912_150006-300x135.jpg 300w, https:\/\/www.comiterhone13.fr\/wp-content\/uploads\/2023\/09\/20230912_150006-768x346.jpg 768w, https:\/\/www.comiterhone13.fr\/wp-content\/uploads\/2023\/09\/20230912_150006-1536x692.jpg 1536w, https:\/\/www.comiterhone13.fr\/wp-content\/uploads\/2023\/09\/20230912_150006-2048x922.jpg 2048w\" sizes=\"(max-width: 1024px) 100vw, 1024px\" \/><\/a><\/figure>\n\n\n\n<figure class=\"wp-block-image size-large is-style-default\"><a href=\"https:\/\/www.comiterhone13.fr\/wp-content\/uploads\/2023\/09\/20230912_150016-scaled.jpg\"><img loading=\"lazy\" decoding=\"async\" width=\"461\" height=\"1024\" data-id=\"7993\" src=\"https:\/\/www.comiterhone13.fr\/wp-content\/uploads\/2023\/09\/20230912_150016-461x1024.jpg\" alt=\"\" class=\"wp-image-7993\" srcset=\"https:\/\/www.comiterhone13.fr\/wp-content\/uploads\/2023\/09\/20230912_150016-461x1024.jpg 461w, https:\/\/www.comiterhone13.fr\/wp-content\/uploads\/2023\/09\/20230912_150016-135x300.jpg 135w, https:\/\/www.comiterhone13.fr\/wp-content\/uploads\/2023\/09\/20230912_150016-768x1705.jpg 768w, https:\/\/www.comiterhone13.fr\/wp-content\/uploads\/2023\/09\/20230912_150016-692x1536.jpg 692w, https:\/\/www.comiterhone13.fr\/wp-content\/uploads\/2023\/09\/20230912_150016-922x2048.jpg 922w, https:\/\/www.comiterhone13.fr\/wp-content\/uploads\/2023\/09\/20230912_150016-scaled.jpg 1153w\" sizes=\"(max-width: 461px) 100vw, 461px\" \/><\/a><\/figure>\n\n\n\n<figure class=\"wp-block-image size-large is-style-default\"><a href=\"https:\/\/www.comiterhone13.fr\/wp-content\/uploads\/2023\/09\/atelier-marche-solidaire.jpg\"><img loading=\"lazy\" decoding=\"async\" width=\"1024\" height=\"768\" data-id=\"7992\" src=\"https:\/\/www.comiterhone13.fr\/wp-content\/uploads\/2023\/09\/atelier-marche-solidaire-1024x768.jpg\" alt=\"\" class=\"wp-image-7992\" srcset=\"https:\/\/www.comiterhone13.fr\/wp-content\/uploads\/2023\/09\/atelier-marche-solidaire-1024x768.jpg 1024w, https:\/\/www.comiterhone13.fr\/wp-content\/uploads\/2023\/09\/atelier-marche-solidaire-300x225.jpg 300w, https:\/\/www.comiterhone13.fr\/wp-content\/uploads\/2023\/09\/atelier-marche-solidaire-768x576.jpg 768w, https:\/\/www.comiterhone13.fr\/wp-content\/uploads\/2023\/09\/atelier-marche-solidaire.jpg 1452w\" sizes=\"(max-width: 1024px) 100vw, 1024px\" \/><\/a><\/figure>\n\n\n\n<figure class=\"wp-block-image size-large is-style-default\"><a href=\"https:\/\/www.comiterhone13.fr\/wp-content\/uploads\/2023\/09\/atelier-precision.jpg\"><img loading=\"lazy\" decoding=\"async\" width=\"1024\" height=\"768\" data-id=\"7990\" src=\"https:\/\/www.comiterhone13.fr\/wp-content\/uploads\/2023\/09\/atelier-precision-1024x768.jpg\" alt=\"\" class=\"wp-image-7990\" srcset=\"https:\/\/www.comiterhone13.fr\/wp-content\/uploads\/2023\/09\/atelier-precision-1024x768.jpg 1024w, https:\/\/www.comiterhone13.fr\/wp-content\/uploads\/2023\/09\/atelier-precision-300x225.jpg 300w, https:\/\/www.comiterhone13.fr\/wp-content\/uploads\/2023\/09\/atelier-precision-768x576.jpg 768w, https:\/\/www.comiterhone13.fr\/wp-content\/uploads\/2023\/09\/atelier-precision.jpg 1452w\" sizes=\"(max-width: 1024px) 100vw, 1024px\" \/><\/a><\/figure>\n\n\n\n<figure class=\"wp-block-image size-large is-style-default\"><a href=\"https:\/\/www.comiterhone13.fr\/wp-content\/uploads\/2023\/09\/stage-integration.jpg\"><img loading=\"lazy\" decoding=\"async\" width=\"1024\" height=\"461\" data-id=\"7989\" src=\"https:\/\/www.comiterhone13.fr\/wp-content\/uploads\/2023\/09\/stage-integration-1024x461.jpg\" alt=\"\" class=\"wp-image-7989\" srcset=\"https:\/\/www.comiterhone13.fr\/wp-content\/uploads\/2023\/09\/stage-integration-1024x461.jpg 1024w, https:\/\/www.comiterhone13.fr\/wp-content\/uploads\/2023\/09\/stage-integration-300x135.jpg 300w, https:\/\/www.comiterhone13.fr\/wp-content\/uploads\/2023\/09\/stage-integration-768x346.jpg 768w, https:\/\/www.comiterhone13.fr\/wp-content\/uploads\/2023\/09\/stage-integration-1536x691.jpg 1536w, https:\/\/www.comiterhone13.fr\/wp-content\/uploads\/2023\/09\/stage-integration.jpg 1600w\" sizes=\"(max-width: 1024px) 100vw, 1024px\" \/><\/a><\/figure>\n\n\n\n<figure class=\"wp-block-image size-large is-style-default\"><a href=\"https:\/\/www.comiterhone13.fr\/wp-content\/uploads\/2023\/09\/un-groupe-solidaire.jpg\"><img loading=\"lazy\" decoding=\"async\" width=\"1024\" height=\"768\" data-id=\"7991\" src=\"https:\/\/www.comiterhone13.fr\/wp-content\/uploads\/2023\/09\/un-groupe-solidaire-1024x768.jpg\" alt=\"\" class=\"wp-image-7991\" srcset=\"https:\/\/www.comiterhone13.fr\/wp-content\/uploads\/2023\/09\/un-groupe-solidaire-1024x768.jpg 1024w, https:\/\/www.comiterhone13.fr\/wp-content\/uploads\/2023\/09\/un-groupe-solidaire-300x225.jpg 300w, https:\/\/www.comiterhone13.fr\/wp-content\/uploads\/2023\/09\/un-groupe-solidaire-768x576.jpg 768w, https:\/\/www.comiterhone13.fr\/wp-content\/uploads\/2023\/09\/un-groupe-solidaire.jpg 1452w\" sizes=\"(max-width: 1024px) 100vw, 1024px\" \/><\/a><\/figure>\n\n\n\n<figure class=\"wp-block-image size-large is-style-default\"><a href=\"https:\/\/www.comiterhone13.fr\/wp-content\/uploads\/2023\/09\/WhatsApp-Image-2023-09-13-at-17.23.04-1.jpeg\"><img loading=\"lazy\" decoding=\"async\" width=\"768\" height=\"1024\" data-id=\"7988\" src=\"https:\/\/www.comiterhone13.fr\/wp-content\/uploads\/2023\/09\/WhatsApp-Image-2023-09-13-at-17.23.04-1-768x1024.jpeg\" alt=\"\" class=\"wp-image-7988\" srcset=\"https:\/\/www.comiterhone13.fr\/wp-content\/uploads\/2023\/09\/WhatsApp-Image-2023-09-13-at-17.23.04-1-768x1024.jpeg 768w, https:\/\/www.comiterhone13.fr\/wp-content\/uploads\/2023\/09\/WhatsApp-Image-2023-09-13-at-17.23.04-1-225x300.jpeg 225w, https:\/\/www.comiterhone13.fr\/wp-content\/uploads\/2023\/09\/WhatsApp-Image-2023-09-13-at-17.23.04-1-1152x1536.jpeg 1152w, https:\/\/www.comiterhone13.fr\/wp-content\/uploads\/2023\/09\/WhatsApp-Image-2023-09-13-at-17.23.04-1.jpeg 1200w\" sizes=\"(max-width: 768px) 100vw, 768px\" \/><\/a><\/figure>\n<\/figure>\n","protected":false},"excerpt":{"rendered":"<p>C&rsquo;\u00e9tait Jour de rentr\u00e9e sportive pour une cinquantaine de coll\u00e9giens de 6e -5e 4e et 3e de la section SEGPA du Coll\u00e8ge M\u00e8re Teresa de Villeurbanne. Ils ont particip\u00e9 \u00e0 un stage d&rsquo;activit\u00e9s physiques&#46;&#46;&#46;<\/p>\n","protected":false},"author":1,"featured_media":7988,"comment_status":"closed","ping_status":"closed","sticky":false,"template":"","format":"standard","meta":{"footnotes":""},"categories":[48,23],"tags":[],"_links":{"self":[{"href":"https:\/\/www.comiterhone13.fr\/index.php?rest_route=\/wp\/v2\/posts\/7987"}],"collection":[{"href":"https:\/\/www.comiterhone13.fr\/index.php?rest_route=\/wp\/v2\/posts"}],"about":[{"href":"https:\/\/www.comiterhone13.fr\/index.php?rest_route=\/wp\/v2\/types\/post"}],"author":[{"embeddable":true,"href":"https:\/\/www.comiterhone13.fr\/index.php?rest_route=\/wp\/v2\/users\/1"}],"replies":[{"embeddable":true,"href":"https:\/\/www.comiterhone13.fr\/index.php?rest_route=%2Fwp%2Fv2%2Fcomments&post=7987"}],"version-history":[{"count":1,"href":"https:\/\/www.comiterhone13.fr\/index.php?rest_route=\/wp\/v2\/posts\/7987\/revisions"}],"predecessor-version":[{"id":7995,"href":"https:\/\/www.comiterhone13.fr\/index.php?rest_route=\/wp\/v2\/posts\/7987\/revisions\/7995"}],"wp:featuredmedia":[{"embeddable":true,"href":"https:\/\/www.comiterhone13.fr\/index.php?rest_route=\/wp\/v2\/media\/7988"}],"wp:attachment":[{"href":"https:\/\/www.comiterhone13.fr\/index.php?rest_route=%2Fwp%2Fv2%2Fmedia&parent=7987"}],"wp:term":[{"taxonomy":"category","embeddable":true,"href":"https:\/\/www.comiterhone13.fr\/index.php?rest_route=%2Fwp%2Fv2%2Fcategories&post=7987"},{"taxonomy":"post_tag","embeddable":true,"href":"https:\/\/www.comiterhone13.fr\/index.php?rest_route=%2Fwp%2Fv2%2Ftags&post=7987"}],"curies":[{"name":"wp","href":"https:\/\/api.w.org\/{rel}","templated":true}]}}