{"id":8077,"date":"2023-10-07T07:00:00","date_gmt":"2023-10-07T06:00:00","guid":{"rendered":"https:\/\/www.comiterhone13.fr\/?p=8077"},"modified":"2023-10-09T07:03:54","modified_gmt":"2023-10-09T06:03:54","slug":"premier-entrainement-rugby-au-parc-sportif-de-francheville","status":"publish","type":"post","link":"https:\/\/www.comiterhone13.fr\/?p=8077","title":{"rendered":"Premier entra\u00eenement Rugby au Parc sportif de Francheville"},"content":{"rendered":"\n<p>Ce matin avait lieu le premier entrainement rugby \u00e0 XIII avec 4 jeunes rugymen en herbe au Parc Sportif de francheville, dans le cadre du d\u00e9veloppement de la pratique du Rugby sur la ville de Francheville. <\/p>\n\n\n\n<p>Cette ann\u00e9e des modules rugby sont mis en place dans le temps scolaire avec les \u00e9l\u00e8ves de CM1 dans les 3 \u00e9coles de la ville. <\/p>\n\n\n\n<p>Merci \u00e0 la Ville de Francheville pour la mise en place de ces cr\u00e9neaux et aussi pour le creneau de l&rsquo;entrainement hebdomadaire le samedi matin \u00e0 10H30 au Parc Sportif de Francheville. <\/p>\n\n\n\n<p>Ce matin ils \u00e9taient 4 sur la ligne de d\u00e9part de l&rsquo;entrainement sous la conduite de C\u00e9sar Picolet et on esp\u00e8re beaucoup plus au prochain entrainement du 21 Octobre prochain. <\/p>\n\n\n\n<p>N&rsquo;hesitez pas \u00e0 rejoindre le club des Aigles de Francheville Rugby league &#8211; <\/p>\n\n\n\n<p>contact: Evan Bonnefoy et Quentin Galais -Tel 06 58 27 93 79 -mail: comiterhone13@gmail.com &#8211;<\/p>\n\n\n\n<p>D&rsquo;autre part des activit\u00e9s Silver XIII Equilibre pour les seniors devraient se mettre en place en cours d&rsquo;ann\u00e9e ainsi que des ateliers Rugby XIII Fauteuil avec le service des sports de la ville. <\/p>\n\n\n\n<p>Le Rugby arrive \u00e0 Francheville pour tous les publics!<img loading=\"lazy\" decoding=\"async\" height=\"16\" width=\"16\" src=\"https:\/\/static.xx.fbcdn.net\/images\/emoji.php\/v9\/tf0\/2\/16\/1f603.png\" alt=\"&#x1f603;\"><img loading=\"lazy\" decoding=\"async\" height=\"16\" width=\"16\" src=\"https:\/\/static.xx.fbcdn.net\/images\/emoji.php\/v9\/t5f\/2\/16\/1f3c8.png\" alt=\"&#x1f3c8;\"><img loading=\"lazy\" decoding=\"async\" height=\"16\" width=\"16\" src=\"https:\/\/static.xx.fbcdn.net\/images\/emoji.php\/v9\/t6f\/2\/16\/1f602.png\" alt=\"&#x1f602;\"><\/p>\n\n\n\n<figure class=\"wp-block-gallery has-nested-images columns-default is-cropped wp-block-gallery-1 is-layout-flex wp-block-gallery-is-layout-flex\">\n<figure class=\"wp-block-image size-large is-style-default\"><a href=\"https:\/\/www.comiterhone13.fr\/wp-content\/uploads\/2023\/10\/Flyer-Rugby-a\u0300-Francheville-1.jpg\"><img loading=\"lazy\" decoding=\"async\" width=\"724\" height=\"1024\" data-id=\"8085\" src=\"https:\/\/www.comiterhone13.fr\/wp-content\/uploads\/2023\/10\/Flyer-Rugby-a\u0300-Francheville-1-724x1024.jpg\" alt=\"\" class=\"wp-image-8085\" srcset=\"https:\/\/www.comiterhone13.fr\/wp-content\/uploads\/2023\/10\/Flyer-Rugby-a\u0300-Francheville-1-724x1024.jpg 724w, https:\/\/www.comiterhone13.fr\/wp-content\/uploads\/2023\/10\/Flyer-Rugby-a\u0300-Francheville-1-212x300.jpg 212w, https:\/\/www.comiterhone13.fr\/wp-content\/uploads\/2023\/10\/Flyer-Rugby-a\u0300-Francheville-1-768x1086.jpg 768w, https:\/\/www.comiterhone13.fr\/wp-content\/uploads\/2023\/10\/Flyer-Rugby-a\u0300-Francheville-1-1086x1536.jpg 1086w, https:\/\/www.comiterhone13.fr\/wp-content\/uploads\/2023\/10\/Flyer-Rugby-a\u0300-Francheville-1-1448x2048.jpg 1448w, https:\/\/www.comiterhone13.fr\/wp-content\/uploads\/2023\/10\/Flyer-Rugby-a\u0300-Francheville-1.jpg 1587w\" sizes=\"(max-width: 724px) 100vw, 724px\" \/><\/a><\/figure>\n\n\n\n<figure class=\"wp-block-image size-large is-style-default\"><a href=\"https:\/\/www.comiterhone13.fr\/wp-content\/uploads\/2023\/10\/vague-d-e-passes.jpg\"><img loading=\"lazy\" decoding=\"async\" width=\"1017\" height=\"763\" data-id=\"8082\" src=\"https:\/\/www.comiterhone13.fr\/wp-content\/uploads\/2023\/10\/vague-d-e-passes.jpg\" alt=\"\" class=\"wp-image-8082\" srcset=\"https:\/\/www.comiterhone13.fr\/wp-content\/uploads\/2023\/10\/vague-d-e-passes.jpg 1017w, https:\/\/www.comiterhone13.fr\/wp-content\/uploads\/2023\/10\/vague-d-e-passes-300x225.jpg 300w, https:\/\/www.comiterhone13.fr\/wp-content\/uploads\/2023\/10\/vague-d-e-passes-768x576.jpg 768w\" sizes=\"(max-width: 1017px) 100vw, 1017px\" \/><\/a><\/figure>\n\n\n\n<figure class=\"wp-block-image size-large is-style-default\"><a href=\"https:\/\/www.comiterhone13.fr\/wp-content\/uploads\/2023\/10\/realisation-du-tenu.jpg\"><img loading=\"lazy\" decoding=\"async\" width=\"1017\" height=\"763\" data-id=\"8080\" src=\"https:\/\/www.comiterhone13.fr\/wp-content\/uploads\/2023\/10\/realisation-du-tenu.jpg\" alt=\"\" class=\"wp-image-8080\" srcset=\"https:\/\/www.comiterhone13.fr\/wp-content\/uploads\/2023\/10\/realisation-du-tenu.jpg 1017w, https:\/\/www.comiterhone13.fr\/wp-content\/uploads\/2023\/10\/realisation-du-tenu-300x225.jpg 300w, https:\/\/www.comiterhone13.fr\/wp-content\/uploads\/2023\/10\/realisation-du-tenu-768x576.jpg 768w\" sizes=\"(max-width: 1017px) 100vw, 1017px\" \/><\/a><\/figure>\n\n\n\n<figure class=\"wp-block-image size-large is-style-default\"><a href=\"https:\/\/www.comiterhone13.fr\/wp-content\/uploads\/2023\/10\/pause-hydratation.jpg\"><img loading=\"lazy\" decoding=\"async\" width=\"1017\" height=\"763\" data-id=\"8079\" src=\"https:\/\/www.comiterhone13.fr\/wp-content\/uploads\/2023\/10\/pause-hydratation.jpg\" alt=\"\" class=\"wp-image-8079\" srcset=\"https:\/\/www.comiterhone13.fr\/wp-content\/uploads\/2023\/10\/pause-hydratation.jpg 1017w, https:\/\/www.comiterhone13.fr\/wp-content\/uploads\/2023\/10\/pause-hydratation-300x225.jpg 300w, https:\/\/www.comiterhone13.fr\/wp-content\/uploads\/2023\/10\/pause-hydratation-768x576.jpg 768w\" sizes=\"(max-width: 1017px) 100vw, 1017px\" \/><\/a><\/figure>\n\n\n\n<figure class=\"wp-block-image size-large is-style-default\"><a href=\"https:\/\/www.comiterhone13.fr\/wp-content\/uploads\/2023\/10\/les-jeunes-rugbymen-avec-Cesat-et-les-parents.jpg\"><img loading=\"lazy\" decoding=\"async\" width=\"1017\" height=\"763\" data-id=\"8081\" src=\"https:\/\/www.comiterhone13.fr\/wp-content\/uploads\/2023\/10\/les-jeunes-rugbymen-avec-Cesat-et-les-parents.jpg\" alt=\"\" class=\"wp-image-8081\" srcset=\"https:\/\/www.comiterhone13.fr\/wp-content\/uploads\/2023\/10\/les-jeunes-rugbymen-avec-Cesat-et-les-parents.jpg 1017w, https:\/\/www.comiterhone13.fr\/wp-content\/uploads\/2023\/10\/les-jeunes-rugbymen-avec-Cesat-et-les-parents-300x225.jpg 300w, https:\/\/www.comiterhone13.fr\/wp-content\/uploads\/2023\/10\/les-jeunes-rugbymen-avec-Cesat-et-les-parents-768x576.jpg 768w\" sizes=\"(max-width: 1017px) 100vw, 1017px\" \/><\/a><\/figure>\n\n\n\n<figure class=\"wp-block-image size-large is-style-default\"><a href=\"https:\/\/www.comiterhone13.fr\/wp-content\/uploads\/2023\/10\/Jonathan-a\u0300-la-passe.jpg\"><img loading=\"lazy\" decoding=\"async\" width=\"872\" height=\"654\" data-id=\"8078\" src=\"https:\/\/www.comiterhone13.fr\/wp-content\/uploads\/2023\/10\/Jonathan-a\u0300-la-passe.jpg\" alt=\"\" class=\"wp-image-8078\" srcset=\"https:\/\/www.comiterhone13.fr\/wp-content\/uploads\/2023\/10\/Jonathan-a\u0300-la-passe.jpg 872w, https:\/\/www.comiterhone13.fr\/wp-content\/uploads\/2023\/10\/Jonathan-a\u0300-la-passe-300x225.jpg 300w, https:\/\/www.comiterhone13.fr\/wp-content\/uploads\/2023\/10\/Jonathan-a\u0300-la-passe-768x576.jpg 768w\" sizes=\"(max-width: 872px) 100vw, 872px\" \/><\/a><\/figure>\n\n\n\n<figure class=\"wp-block-image size-large is-style-default\"><a href=\"https:\/\/www.comiterhone13.fr\/wp-content\/uploads\/2023\/10\/Haut-les-ballons-a\u0300-Francheville.jpg\"><img loading=\"lazy\" decoding=\"async\" width=\"1024\" height=\"768\" data-id=\"8083\" src=\"https:\/\/www.comiterhone13.fr\/wp-content\/uploads\/2023\/10\/Haut-les-ballons-a\u0300-Francheville-1024x768.jpg\" alt=\"\" class=\"wp-image-8083\" srcset=\"https:\/\/www.comiterhone13.fr\/wp-content\/uploads\/2023\/10\/Haut-les-ballons-a\u0300-Francheville-1024x768.jpg 1024w, https:\/\/www.comiterhone13.fr\/wp-content\/uploads\/2023\/10\/Haut-les-ballons-a\u0300-Francheville-300x225.jpg 300w, https:\/\/www.comiterhone13.fr\/wp-content\/uploads\/2023\/10\/Haut-les-ballons-a\u0300-Francheville-768x576.jpg 768w, https:\/\/www.comiterhone13.fr\/wp-content\/uploads\/2023\/10\/Haut-les-ballons-a\u0300-Francheville.jpg 1186w\" sizes=\"(max-width: 1024px) 100vw, 1024px\" \/><\/a><\/figure>\n\n\n\n<figure class=\"wp-block-image size-large is-style-default\"><a href=\"https:\/\/www.comiterhone13.fr\/wp-content\/uploads\/2023\/10\/depart-pour-le-relais-de-tenus.jpg\"><img loading=\"lazy\" decoding=\"async\" width=\"1024\" height=\"768\" data-id=\"8084\" src=\"https:\/\/www.comiterhone13.fr\/wp-content\/uploads\/2023\/10\/depart-pour-le-relais-de-tenus-1024x768.jpg\" alt=\"\" class=\"wp-image-8084\" srcset=\"https:\/\/www.comiterhone13.fr\/wp-content\/uploads\/2023\/10\/depart-pour-le-relais-de-tenus-1024x768.jpg 1024w, https:\/\/www.comiterhone13.fr\/wp-content\/uploads\/2023\/10\/depart-pour-le-relais-de-tenus-300x225.jpg 300w, https:\/\/www.comiterhone13.fr\/wp-content\/uploads\/2023\/10\/depart-pour-le-relais-de-tenus-768x576.jpg 768w, https:\/\/www.comiterhone13.fr\/wp-content\/uploads\/2023\/10\/depart-pour-le-relais-de-tenus.jpg 1186w\" sizes=\"(max-width: 1024px) 100vw, 1024px\" \/><\/a><\/figure>\n\n\n\n<figure class=\"wp-block-image size-large is-style-default\"><a href=\"https:\/\/www.comiterhone13.fr\/wp-content\/uploads\/2023\/10\/comment-passer-le-ballon.jpg\"><img loading=\"lazy\" decoding=\"async\" width=\"1024\" height=\"768\" data-id=\"8086\" src=\"https:\/\/www.comiterhone13.fr\/wp-content\/uploads\/2023\/10\/comment-passer-le-ballon-1024x768.jpg\" alt=\"\" class=\"wp-image-8086\" srcset=\"https:\/\/www.comiterhone13.fr\/wp-content\/uploads\/2023\/10\/comment-passer-le-ballon-1024x768.jpg 1024w, https:\/\/www.comiterhone13.fr\/wp-content\/uploads\/2023\/10\/comment-passer-le-ballon-300x225.jpg 300w, https:\/\/www.comiterhone13.fr\/wp-content\/uploads\/2023\/10\/comment-passer-le-ballon-768x576.jpg 768w, https:\/\/www.comiterhone13.fr\/wp-content\/uploads\/2023\/10\/comment-passer-le-ballon.jpg 1452w\" sizes=\"(max-width: 1024px) 100vw, 1024px\" \/><\/a><\/figure>\n<\/figure>\n","protected":false},"excerpt":{"rendered":"<p>Ce matin avait lieu le premier entrainement rugby \u00e0 XIII avec 4 jeunes rugymen en herbe au Parc Sportif de francheville, dans le cadre du d\u00e9veloppement de la pratique du Rugby sur la ville&#46;&#46;&#46;<\/p>\n","protected":false},"author":1,"featured_media":8085,"comment_status":"closed","ping_status":"closed","sticky":false,"template":"","format":"standard","meta":{"footnotes":""},"categories":[44,23],"tags":[138],"_links":{"self":[{"href":"https:\/\/www.comiterhone13.fr\/index.php?rest_route=\/wp\/v2\/posts\/8077"}],"collection":[{"href":"https:\/\/www.comiterhone13.fr\/index.php?rest_route=\/wp\/v2\/posts"}],"about":[{"href":"https:\/\/www.comiterhone13.fr\/index.php?rest_route=\/wp\/v2\/types\/post"}],"author":[{"embeddable":true,"href":"https:\/\/www.comiterhone13.fr\/index.php?rest_route=\/wp\/v2\/users\/1"}],"replies":[{"embeddable":true,"href":"https:\/\/www.comiterhone13.fr\/index.php?rest_route=%2Fwp%2Fv2%2Fcomments&post=8077"}],"version-history":[{"count":1,"href":"https:\/\/www.comiterhone13.fr\/index.php?rest_route=\/wp\/v2\/posts\/8077\/revisions"}],"predecessor-version":[{"id":8087,"href":"https:\/\/www.comiterhone13.fr\/index.php?rest_route=\/wp\/v2\/posts\/8077\/revisions\/8087"}],"wp:featuredmedia":[{"embeddable":true,"href":"https:\/\/www.comiterhone13.fr\/index.php?rest_route=\/wp\/v2\/media\/8085"}],"wp:attachment":[{"href":"https:\/\/www.comiterhone13.fr\/index.php?rest_route=%2Fwp%2Fv2%2Fmedia&parent=8077"}],"wp:term":[{"taxonomy":"category","embeddable":true,"href":"https:\/\/www.comiterhone13.fr\/index.php?rest_route=%2Fwp%2Fv2%2Fcategories&post=8077"},{"taxonomy":"post_tag","embeddable":true,"href":"https:\/\/www.comiterhone13.fr\/index.php?rest_route=%2Fwp%2Fv2%2Ftags&post=8077"}],"curies":[{"name":"wp","href":"https:\/\/api.w.org\/{rel}","templated":true}]}}