{"id":8377,"date":"2023-12-17T07:18:00","date_gmt":"2023-12-17T06:18:00","guid":{"rendered":"https:\/\/www.comiterhone13.fr\/?p=8377"},"modified":"2023-12-19T07:20:41","modified_gmt":"2023-12-19T06:20:41","slug":"dernier-entrainement-avant-la-treve-de-noel-pour-les-aigles-de-francheville","status":"publish","type":"post","link":"https:\/\/www.comiterhone13.fr\/?p=8377","title":{"rendered":"DERNIER ENTRAINEMENT AVANT LA TREVE DE NOEL POUR LES AIGLES DE FRANCHEVILLE:"},"content":{"rendered":"\n<p> ce matin \u00e0 10h30 avait lieu au Parc Sportif de Francheville l&rsquo;entrainement rugby \u00e0 XIII pour la dizaine de jeunes inscrits du nouveau club de Rugby malgr\u00e9 l&rsquo;absence de 2 enfants gripp\u00e9s. <\/p>\n\n\n\n<p>Cet entrainement a \u00e9t\u00e9 pr\u00e9c\u00e9d\u00e9 d&rsquo;une r\u00e9union du club avec le service des sports de la ville et l&rsquo;adjoint aux sports Daniel Audiffren qui a souhait\u00e9 la bienvenue au Rugby sur la commune qui fait suite aux ateliers rugby \u00e0 XIII dispens\u00e9s dans les 3 \u00e9coles de ville depuis Septembre. <\/p>\n\n\n\n<p>Il a aussi pr\u00e9sent\u00e9 les infrastructures sportives de la ville. <\/p>\n\n\n\n<p>Une visite de l&rsquo;entra\u00eenement des jeunes rugbymen a ensuite \u00e9t\u00e9 effectu\u00e9e. Il n&rsquo;y aura pas d&rsquo;entrainement au Parc Sportif pendant les vacances de Noel. <\/p>\n\n\n\n<p>Bonnes f\u00eates \u00e0 tous et la reprise des entra\u00eenements aura lieu le samedi 13 Janvier \u00e0 10h30. <img loading=\"lazy\" decoding=\"async\" height=\"16\" width=\"16\" src=\"https:\/\/static.xx.fbcdn.net\/images\/emoji.php\/v9\/tf0\/2\/16\/1f603.png\" alt=\"&#x1f603;\"><img loading=\"lazy\" decoding=\"async\" height=\"16\" width=\"16\" src=\"https:\/\/static.xx.fbcdn.net\/images\/emoji.php\/v9\/t5f\/2\/16\/1f3c8.png\" alt=\"&#x1f3c8;\"><img loading=\"lazy\" decoding=\"async\" height=\"16\" width=\"16\" src=\"https:\/\/static.xx.fbcdn.net\/images\/emoji.php\/v9\/t6d\/2\/16\/1f600.png\" alt=\"&#x1f600;\"><\/p>\n\n\n\n<figure class=\"wp-block-gallery has-nested-images columns-default is-cropped wp-block-gallery-1 is-layout-flex wp-block-gallery-is-layout-flex\">\n<figure class=\"wp-block-image size-large is-style-default\"><a href=\"https:\/\/www.comiterhone13.fr\/wp-content\/uploads\/2023\/12\/coup-denvoi.jpg\"><img loading=\"lazy\" decoding=\"async\" width=\"1024\" height=\"768\" data-id=\"8380\" src=\"https:\/\/www.comiterhone13.fr\/wp-content\/uploads\/2023\/12\/coup-denvoi-1024x768.jpg\" alt=\"\" class=\"wp-image-8380\" srcset=\"https:\/\/www.comiterhone13.fr\/wp-content\/uploads\/2023\/12\/coup-denvoi-1024x768.jpg 1024w, https:\/\/www.comiterhone13.fr\/wp-content\/uploads\/2023\/12\/coup-denvoi-300x225.jpg 300w, https:\/\/www.comiterhone13.fr\/wp-content\/uploads\/2023\/12\/coup-denvoi-768x576.jpg 768w, https:\/\/www.comiterhone13.fr\/wp-content\/uploads\/2023\/12\/coup-denvoi.jpg 1186w\" sizes=\"(max-width: 1024px) 100vw, 1024px\" \/><\/a><\/figure>\n\n\n\n<figure class=\"wp-block-image size-large is-style-default\"><a href=\"https:\/\/www.comiterhone13.fr\/wp-content\/uploads\/2023\/12\/Haut-les-ballons.jpg\"><img loading=\"lazy\" decoding=\"async\" width=\"1024\" height=\"768\" data-id=\"8382\" src=\"https:\/\/www.comiterhone13.fr\/wp-content\/uploads\/2023\/12\/Haut-les-ballons-1024x768.jpg\" alt=\"\" class=\"wp-image-8382\" srcset=\"https:\/\/www.comiterhone13.fr\/wp-content\/uploads\/2023\/12\/Haut-les-ballons-1024x768.jpg 1024w, https:\/\/www.comiterhone13.fr\/wp-content\/uploads\/2023\/12\/Haut-les-ballons-300x225.jpg 300w, https:\/\/www.comiterhone13.fr\/wp-content\/uploads\/2023\/12\/Haut-les-ballons-768x576.jpg 768w, https:\/\/www.comiterhone13.fr\/wp-content\/uploads\/2023\/12\/Haut-les-ballons-1536x1152.jpg 1536w, https:\/\/www.comiterhone13.fr\/wp-content\/uploads\/2023\/12\/Haut-les-ballons.jpg 1694w\" sizes=\"(max-width: 1024px) 100vw, 1024px\" \/><\/a><\/figure>\n\n\n\n<figure class=\"wp-block-image size-large is-style-default\"><a href=\"https:\/\/www.comiterhone13.fr\/wp-content\/uploads\/2023\/12\/Les-jeunes-Aigles-de-Francheville-et-parents-avec-Daniel-Audiffren-adjoint-aux-sports.jpg\"><img loading=\"lazy\" decoding=\"async\" width=\"1024\" height=\"768\" data-id=\"8385\" src=\"https:\/\/www.comiterhone13.fr\/wp-content\/uploads\/2023\/12\/Les-jeunes-Aigles-de-Francheville-et-parents-avec-Daniel-Audiffren-adjoint-aux-sports-1024x768.jpg\" alt=\"\" class=\"wp-image-8385\" srcset=\"https:\/\/www.comiterhone13.fr\/wp-content\/uploads\/2023\/12\/Les-jeunes-Aigles-de-Francheville-et-parents-avec-Daniel-Audiffren-adjoint-aux-sports-1024x768.jpg 1024w, https:\/\/www.comiterhone13.fr\/wp-content\/uploads\/2023\/12\/Les-jeunes-Aigles-de-Francheville-et-parents-avec-Daniel-Audiffren-adjoint-aux-sports-300x225.jpg 300w, https:\/\/www.comiterhone13.fr\/wp-content\/uploads\/2023\/12\/Les-jeunes-Aigles-de-Francheville-et-parents-avec-Daniel-Audiffren-adjoint-aux-sports-768x576.jpg 768w, https:\/\/www.comiterhone13.fr\/wp-content\/uploads\/2023\/12\/Les-jeunes-Aigles-de-Francheville-et-parents-avec-Daniel-Audiffren-adjoint-aux-sports-1536x1152.jpg 1536w, https:\/\/www.comiterhone13.fr\/wp-content\/uploads\/2023\/12\/Les-jeunes-Aigles-de-Francheville-et-parents-avec-Daniel-Audiffren-adjoint-aux-sports.jpg 1694w\" sizes=\"(max-width: 1024px) 100vw, 1024px\" \/><\/a><\/figure>\n\n\n\n<figure class=\"wp-block-image size-large is-style-default\"><a href=\"https:\/\/www.comiterhone13.fr\/wp-content\/uploads\/2023\/12\/Martin-va-a-lessai.jpg\"><img loading=\"lazy\" decoding=\"async\" width=\"1024\" height=\"768\" data-id=\"8386\" src=\"https:\/\/www.comiterhone13.fr\/wp-content\/uploads\/2023\/12\/Martin-va-a-lessai-1024x768.jpg\" alt=\"\" class=\"wp-image-8386\" srcset=\"https:\/\/www.comiterhone13.fr\/wp-content\/uploads\/2023\/12\/Martin-va-a-lessai-1024x768.jpg 1024w, https:\/\/www.comiterhone13.fr\/wp-content\/uploads\/2023\/12\/Martin-va-a-lessai-300x225.jpg 300w, https:\/\/www.comiterhone13.fr\/wp-content\/uploads\/2023\/12\/Martin-va-a-lessai-768x576.jpg 768w, https:\/\/www.comiterhone13.fr\/wp-content\/uploads\/2023\/12\/Martin-va-a-lessai-1536x1152.jpg 1536w, https:\/\/www.comiterhone13.fr\/wp-content\/uploads\/2023\/12\/Martin-va-a-lessai.jpg 1694w\" sizes=\"(max-width: 1024px) 100vw, 1024px\" \/><\/a><\/figure>\n\n\n\n<figure class=\"wp-block-image size-large is-style-default\"><a href=\"https:\/\/www.comiterhone13.fr\/wp-content\/uploads\/2023\/12\/Martin-va-deborder-son-vis-a\u0300-vis.jpg\"><img loading=\"lazy\" decoding=\"async\" width=\"1024\" height=\"768\" data-id=\"8384\" src=\"https:\/\/www.comiterhone13.fr\/wp-content\/uploads\/2023\/12\/Martin-va-deborder-son-vis-a\u0300-vis-1024x768.jpg\" alt=\"\" class=\"wp-image-8384\" srcset=\"https:\/\/www.comiterhone13.fr\/wp-content\/uploads\/2023\/12\/Martin-va-deborder-son-vis-a\u0300-vis-1024x768.jpg 1024w, https:\/\/www.comiterhone13.fr\/wp-content\/uploads\/2023\/12\/Martin-va-deborder-son-vis-a\u0300-vis-300x225.jpg 300w, https:\/\/www.comiterhone13.fr\/wp-content\/uploads\/2023\/12\/Martin-va-deborder-son-vis-a\u0300-vis-768x576.jpg 768w, https:\/\/www.comiterhone13.fr\/wp-content\/uploads\/2023\/12\/Martin-va-deborder-son-vis-a\u0300-vis.jpg 1452w\" sizes=\"(max-width: 1024px) 100vw, 1024px\" \/><\/a><\/figure>\n\n\n\n<figure class=\"wp-block-image size-large is-style-default\"><a href=\"https:\/\/www.comiterhone13.fr\/wp-content\/uploads\/2023\/12\/Martin-va-e\u0301viter-un-adversaire.jpg\"><img loading=\"lazy\" decoding=\"async\" width=\"1024\" height=\"768\" data-id=\"8383\" src=\"https:\/\/www.comiterhone13.fr\/wp-content\/uploads\/2023\/12\/Martin-va-e\u0301viter-un-adversaire-1024x768.jpg\" alt=\"\" class=\"wp-image-8383\" srcset=\"https:\/\/www.comiterhone13.fr\/wp-content\/uploads\/2023\/12\/Martin-va-e\u0301viter-un-adversaire-1024x768.jpg 1024w, https:\/\/www.comiterhone13.fr\/wp-content\/uploads\/2023\/12\/Martin-va-e\u0301viter-un-adversaire-300x225.jpg 300w, https:\/\/www.comiterhone13.fr\/wp-content\/uploads\/2023\/12\/Martin-va-e\u0301viter-un-adversaire-768x576.jpg 768w, https:\/\/www.comiterhone13.fr\/wp-content\/uploads\/2023\/12\/Martin-va-e\u0301viter-un-adversaire.jpg 1452w\" sizes=\"(max-width: 1024px) 100vw, 1024px\" \/><\/a><\/figure>\n\n\n\n<figure class=\"wp-block-image size-large is-style-default\"><a href=\"https:\/\/www.comiterhone13.fr\/wp-content\/uploads\/2023\/12\/Yann-balle-en-main.jpg\"><img loading=\"lazy\" decoding=\"async\" width=\"1024\" height=\"768\" data-id=\"8379\" src=\"https:\/\/www.comiterhone13.fr\/wp-content\/uploads\/2023\/12\/Yann-balle-en-main-1024x768.jpg\" alt=\"\" class=\"wp-image-8379\" srcset=\"https:\/\/www.comiterhone13.fr\/wp-content\/uploads\/2023\/12\/Yann-balle-en-main-1024x768.jpg 1024w, https:\/\/www.comiterhone13.fr\/wp-content\/uploads\/2023\/12\/Yann-balle-en-main-300x225.jpg 300w, https:\/\/www.comiterhone13.fr\/wp-content\/uploads\/2023\/12\/Yann-balle-en-main-768x576.jpg 768w, https:\/\/www.comiterhone13.fr\/wp-content\/uploads\/2023\/12\/Yann-balle-en-main.jpg 1186w\" sizes=\"(max-width: 1024px) 100vw, 1024px\" \/><\/a><\/figure>\n\n\n\n<figure class=\"wp-block-image size-large is-style-default\"><a href=\"https:\/\/www.comiterhone13.fr\/wp-content\/uploads\/2023\/12\/Yann-en-attaque-2.jpg\"><img loading=\"lazy\" decoding=\"async\" width=\"1024\" height=\"768\" data-id=\"8381\" src=\"https:\/\/www.comiterhone13.fr\/wp-content\/uploads\/2023\/12\/Yann-en-attaque-2-1024x768.jpg\" alt=\"\" class=\"wp-image-8381\" srcset=\"https:\/\/www.comiterhone13.fr\/wp-content\/uploads\/2023\/12\/Yann-en-attaque-2-1024x768.jpg 1024w, https:\/\/www.comiterhone13.fr\/wp-content\/uploads\/2023\/12\/Yann-en-attaque-2-300x225.jpg 300w, https:\/\/www.comiterhone13.fr\/wp-content\/uploads\/2023\/12\/Yann-en-attaque-2-768x576.jpg 768w, https:\/\/www.comiterhone13.fr\/wp-content\/uploads\/2023\/12\/Yann-en-attaque-2.jpg 1187w\" sizes=\"(max-width: 1024px) 100vw, 1024px\" \/><\/a><\/figure>\n\n\n\n<figure class=\"wp-block-image size-large is-style-default\"><a href=\"https:\/\/www.comiterhone13.fr\/wp-content\/uploads\/2023\/12\/Yann-et-Benoit-a\u0300-lentrainement.jpg\"><img loading=\"lazy\" decoding=\"async\" width=\"1024\" height=\"768\" data-id=\"8378\" src=\"https:\/\/www.comiterhone13.fr\/wp-content\/uploads\/2023\/12\/Yann-et-Benoit-a\u0300-lentrainement-1024x768.jpg\" alt=\"\" class=\"wp-image-8378\" srcset=\"https:\/\/www.comiterhone13.fr\/wp-content\/uploads\/2023\/12\/Yann-et-Benoit-a\u0300-lentrainement-1024x768.jpg 1024w, https:\/\/www.comiterhone13.fr\/wp-content\/uploads\/2023\/12\/Yann-et-Benoit-a\u0300-lentrainement-300x225.jpg 300w, https:\/\/www.comiterhone13.fr\/wp-content\/uploads\/2023\/12\/Yann-et-Benoit-a\u0300-lentrainement-768x576.jpg 768w, https:\/\/www.comiterhone13.fr\/wp-content\/uploads\/2023\/12\/Yann-et-Benoit-a\u0300-lentrainement.jpg 1186w\" sizes=\"(max-width: 1024px) 100vw, 1024px\" \/><\/a><\/figure>\n<\/figure>\n\n\n\n<p><\/p>\n","protected":false},"excerpt":{"rendered":"<p>ce matin \u00e0 10h30 avait lieu au Parc Sportif de Francheville l&rsquo;entrainement rugby \u00e0 XIII pour la dizaine de jeunes inscrits du nouveau club de Rugby malgr\u00e9 l&rsquo;absence de 2 enfants gripp\u00e9s. Cet entrainement&#46;&#46;&#46;<\/p>\n","protected":false},"author":1,"featured_media":8382,"comment_status":"closed","ping_status":"closed","sticky":false,"template":"","format":"standard","meta":{"footnotes":""},"categories":[44,23],"tags":[87],"_links":{"self":[{"href":"https:\/\/www.comiterhone13.fr\/index.php?rest_route=\/wp\/v2\/posts\/8377"}],"collection":[{"href":"https:\/\/www.comiterhone13.fr\/index.php?rest_route=\/wp\/v2\/posts"}],"about":[{"href":"https:\/\/www.comiterhone13.fr\/index.php?rest_route=\/wp\/v2\/types\/post"}],"author":[{"embeddable":true,"href":"https:\/\/www.comiterhone13.fr\/index.php?rest_route=\/wp\/v2\/users\/1"}],"replies":[{"embeddable":true,"href":"https:\/\/www.comiterhone13.fr\/index.php?rest_route=%2Fwp%2Fv2%2Fcomments&post=8377"}],"version-history":[{"count":1,"href":"https:\/\/www.comiterhone13.fr\/index.php?rest_route=\/wp\/v2\/posts\/8377\/revisions"}],"predecessor-version":[{"id":8387,"href":"https:\/\/www.comiterhone13.fr\/index.php?rest_route=\/wp\/v2\/posts\/8377\/revisions\/8387"}],"wp:featuredmedia":[{"embeddable":true,"href":"https:\/\/www.comiterhone13.fr\/index.php?rest_route=\/wp\/v2\/media\/8382"}],"wp:attachment":[{"href":"https:\/\/www.comiterhone13.fr\/index.php?rest_route=%2Fwp%2Fv2%2Fmedia&parent=8377"}],"wp:term":[{"taxonomy":"category","embeddable":true,"href":"https:\/\/www.comiterhone13.fr\/index.php?rest_route=%2Fwp%2Fv2%2Fcategories&post=8377"},{"taxonomy":"post_tag","embeddable":true,"href":"https:\/\/www.comiterhone13.fr\/index.php?rest_route=%2Fwp%2Fv2%2Ftags&post=8377"}],"curies":[{"name":"wp","href":"https:\/\/api.w.org\/{rel}","templated":true}]}}