{"id":8809,"date":"2024-04-06T13:04:00","date_gmt":"2024-04-06T12:04:00","guid":{"rendered":"https:\/\/www.comiterhone13.fr\/?p=8809"},"modified":"2024-04-08T06:07:03","modified_gmt":"2024-04-08T05:07:03","slug":"operation-un-ballon-pour-tous-ce-matin-au-parc-sportif-de-francheville","status":"publish","type":"post","link":"https:\/\/www.comiterhone13.fr\/?p=8809","title":{"rendered":"OPERATION UN BALLON POUR TOUS CE MATIN AU PARC SPORTIF DE FRANCHEVILLE"},"content":{"rendered":"\n<p>Ce matin sous un beau soleil, avait lieu la remise des ballons de la FFR XIII aux 12&nbsp; jeunes licenci\u00e9s de l\u00a0\u00bb\u00e9cole de Rugby des Eagles de Francheville en pr\u00e9sence de Laurence Marcasse, Premi\u00e8re adjointe \u00e0 la Mairie, Daniel Audiffren adjoint aux sports, Isabelle Gantet, direction des sports&nbsp; et des parents des jeunes rugbymen. Le Pr\u00e9sident du Comit\u00e9 du Rh\u00f4ne Jacques Cavezzan a tenu \u00e0 pr\u00e9ciser qu&rsquo;il y a exactement 90 ans aujourd&rsquo;hui&nbsp;soit le 6 Avril 1934&nbsp; que d\u00e9butait en France la pratique du Rugby \u00e0 XIII. Cette op\u00e9ration&nbsp;<strong>un ballon pour tous&nbsp;<\/strong>a \u00e9t\u00e9 mise en place par la FFR XIII il y a 7 ans pour favoriser le d\u00e9veloppement&nbsp;de la formation dans les clubs&#8230;et Jacques Cavezzan de rappeler: \u00a0\u00bb ce ballon&nbsp; il est pour vous pour jouer&nbsp; avec parents, vos fr\u00e8res et soeurs, vos copains et amis&#8230;.car c&rsquo;est un \u00e2ge o\u00f9 il faut apprendre \u00e0 partager le ballon ! en plus d&rsquo;un ballon chaque enfant a re\u00e7u un prot\u00e8ge dent pour les entrainements! Les personnalit\u00e9s pr\u00e9sentes&nbsp;et les parents ont applaudi cette initiative pr\u00e9sidentielle de donner des outils et un ballon \u00e0 chaque enfant car c&rsquo;est le meilleur moyen de faire conna\u00eetre la pratique. et de&nbsp;donner&nbsp;du plaisir \u00e0 ces jeunes rugbymen en devenir !<\/p>\n\n\n\n<p>&nbsp;Ensuite s&rsquo;est d\u00e9roul\u00e9&nbsp;l&rsquo;entra\u00eenement&nbsp;hebdomadaire avec Emma et Emmanuelle du Comit\u00e9 du Rh\u00f4ne avec les joueurs pr\u00e9sents qui avaient re\u00e7u un Tshirt aux couleurs du club,&nbsp;un short et des chaussettes de sport.&nbsp; A noter qu&rsquo;il n&rsquo;y aura pas d&rsquo;entra\u00eenement samedi prochain et pendant les vacances. Ceux qui ne sont pas en vacances pourront s&rsquo;entrainer&nbsp;au stade du Plan du Loup \u00e0 Sainte Foy les Lyon samedi 13 Avril.&nbsp; &nbsp;&nbsp;<\/p>\n\n\n\n<p>En parall\u00e8le \u00e0 cette op\u00e9ration&nbsp;avait lieu 3 s\u00e9ances&nbsp;du&nbsp;<strong>samedi Sport<\/strong>&nbsp;consacr\u00e9es \u00e0 la d\u00e9couverte&nbsp;du Rugby \u00e0 XIII par une trentaine de&nbsp; jeunes des \u00e9coles primaires de Francheville sous la conduite d&rsquo;Evan et C\u00e9sar animateurs du club de sFRL que l&rsquo;on remercie.&nbsp; Un compte rendu Photo vous parviendra .&nbsp;<\/p>\n\n\n\n<p>Bon week end<\/p>\n\n\n\n<figure class=\"wp-block-gallery has-nested-images columns-default is-cropped wp-block-gallery-1 is-layout-flex wp-block-gallery-is-layout-flex\">\n<figure class=\"wp-block-image size-large is-style-default\"><a href=\"https:\/\/www.comiterhone13.fr\/wp-content\/uploads\/2024\/04\/1-photo-souvenir-avec-les-parents-et-personnalites-presentes.jpg\"><img loading=\"lazy\" decoding=\"async\" width=\"1024\" height=\"768\" data-id=\"8813\" src=\"https:\/\/www.comiterhone13.fr\/wp-content\/uploads\/2024\/04\/1-photo-souvenir-avec-les-parents-et-personnalites-presentes-1024x768.jpg\" alt=\"\" class=\"wp-image-8813\" srcset=\"https:\/\/www.comiterhone13.fr\/wp-content\/uploads\/2024\/04\/1-photo-souvenir-avec-les-parents-et-personnalites-presentes-1024x768.jpg 1024w, https:\/\/www.comiterhone13.fr\/wp-content\/uploads\/2024\/04\/1-photo-souvenir-avec-les-parents-et-personnalites-presentes-300x225.jpg 300w, https:\/\/www.comiterhone13.fr\/wp-content\/uploads\/2024\/04\/1-photo-souvenir-avec-les-parents-et-personnalites-presentes-768x576.jpg 768w, https:\/\/www.comiterhone13.fr\/wp-content\/uploads\/2024\/04\/1-photo-souvenir-avec-les-parents-et-personnalites-presentes.jpg 1451w\" sizes=\"(max-width: 1024px) 100vw, 1024px\" \/><\/a><\/figure>\n\n\n\n<figure class=\"wp-block-image size-large is-style-default\"><a href=\"https:\/\/www.comiterhone13.fr\/wp-content\/uploads\/2024\/04\/Haut-les-ballons-a-Francheville.jpg\"><img loading=\"lazy\" decoding=\"async\" width=\"1024\" height=\"768\" data-id=\"8814\" src=\"https:\/\/www.comiterhone13.fr\/wp-content\/uploads\/2024\/04\/Haut-les-ballons-a-Francheville-1024x768.jpg\" alt=\"\" class=\"wp-image-8814\" srcset=\"https:\/\/www.comiterhone13.fr\/wp-content\/uploads\/2024\/04\/Haut-les-ballons-a-Francheville-1024x768.jpg 1024w, https:\/\/www.comiterhone13.fr\/wp-content\/uploads\/2024\/04\/Haut-les-ballons-a-Francheville-300x225.jpg 300w, https:\/\/www.comiterhone13.fr\/wp-content\/uploads\/2024\/04\/Haut-les-ballons-a-Francheville-768x576.jpg 768w, https:\/\/www.comiterhone13.fr\/wp-content\/uploads\/2024\/04\/Haut-les-ballons-a-Francheville.jpg 1451w\" sizes=\"(max-width: 1024px) 100vw, 1024px\" \/><\/a><\/figure>\n\n\n\n<figure class=\"wp-block-image size-large is-style-default\"><a href=\"https:\/\/www.comiterhone13.fr\/wp-content\/uploads\/2024\/04\/Jacques-presente-le-ballon-du-90eme-anniversaire-a-Daniel-adjoint-aux-sports-de-Francheville.jpg\"><img loading=\"lazy\" decoding=\"async\" width=\"1024\" height=\"768\" data-id=\"8815\" src=\"https:\/\/www.comiterhone13.fr\/wp-content\/uploads\/2024\/04\/Jacques-presente-le-ballon-du-90eme-anniversaire-a-Daniel-adjoint-aux-sports-de-Francheville-1024x768.jpg\" alt=\"\" class=\"wp-image-8815\" srcset=\"https:\/\/www.comiterhone13.fr\/wp-content\/uploads\/2024\/04\/Jacques-presente-le-ballon-du-90eme-anniversaire-a-Daniel-adjoint-aux-sports-de-Francheville-1024x768.jpg 1024w, https:\/\/www.comiterhone13.fr\/wp-content\/uploads\/2024\/04\/Jacques-presente-le-ballon-du-90eme-anniversaire-a-Daniel-adjoint-aux-sports-de-Francheville-300x225.jpg 300w, https:\/\/www.comiterhone13.fr\/wp-content\/uploads\/2024\/04\/Jacques-presente-le-ballon-du-90eme-anniversaire-a-Daniel-adjoint-aux-sports-de-Francheville-768x576.jpg 768w, https:\/\/www.comiterhone13.fr\/wp-content\/uploads\/2024\/04\/Jacques-presente-le-ballon-du-90eme-anniversaire-a-Daniel-adjoint-aux-sports-de-Francheville.jpg 1451w\" sizes=\"(max-width: 1024px) 100vw, 1024px\" \/><\/a><\/figure>\n\n\n\n<figure class=\"wp-block-image size-large is-style-default\"><a href=\"https:\/\/www.comiterhone13.fr\/wp-content\/uploads\/2024\/04\/Les-Aigles-de-Francheville-avec-les-entraineurs.jpg\"><img loading=\"lazy\" decoding=\"async\" width=\"1024\" height=\"768\" data-id=\"8816\" src=\"https:\/\/www.comiterhone13.fr\/wp-content\/uploads\/2024\/04\/Les-Aigles-de-Francheville-avec-les-entraineurs-1024x768.jpg\" alt=\"\" class=\"wp-image-8816\" srcset=\"https:\/\/www.comiterhone13.fr\/wp-content\/uploads\/2024\/04\/Les-Aigles-de-Francheville-avec-les-entraineurs-1024x768.jpg 1024w, https:\/\/www.comiterhone13.fr\/wp-content\/uploads\/2024\/04\/Les-Aigles-de-Francheville-avec-les-entraineurs-300x225.jpg 300w, https:\/\/www.comiterhone13.fr\/wp-content\/uploads\/2024\/04\/Les-Aigles-de-Francheville-avec-les-entraineurs-768x576.jpg 768w, https:\/\/www.comiterhone13.fr\/wp-content\/uploads\/2024\/04\/Les-Aigles-de-Francheville-avec-les-entraineurs-1536x1151.jpg 1536w, https:\/\/www.comiterhone13.fr\/wp-content\/uploads\/2024\/04\/Les-Aigles-de-Francheville-avec-les-entraineurs.jpg 1693w\" sizes=\"(max-width: 1024px) 100vw, 1024px\" \/><\/a><\/figure>\n\n\n\n<figure class=\"wp-block-image size-large is-style-default\"><a href=\"https:\/\/www.comiterhone13.fr\/wp-content\/uploads\/2024\/04\/Les-personnalites-de-la-Mairie-de-Francheville-lors-d-ela-remise-des-ballons.jpg\"><img loading=\"lazy\" decoding=\"async\" width=\"1024\" height=\"768\" data-id=\"8812\" src=\"https:\/\/www.comiterhone13.fr\/wp-content\/uploads\/2024\/04\/Les-personnalites-de-la-Mairie-de-Francheville-lors-d-ela-remise-des-ballons-1024x768.jpg\" alt=\"\" class=\"wp-image-8812\" srcset=\"https:\/\/www.comiterhone13.fr\/wp-content\/uploads\/2024\/04\/Les-personnalites-de-la-Mairie-de-Francheville-lors-d-ela-remise-des-ballons-1024x768.jpg 1024w, https:\/\/www.comiterhone13.fr\/wp-content\/uploads\/2024\/04\/Les-personnalites-de-la-Mairie-de-Francheville-lors-d-ela-remise-des-ballons-300x225.jpg 300w, https:\/\/www.comiterhone13.fr\/wp-content\/uploads\/2024\/04\/Les-personnalites-de-la-Mairie-de-Francheville-lors-d-ela-remise-des-ballons-768x576.jpg 768w, https:\/\/www.comiterhone13.fr\/wp-content\/uploads\/2024\/04\/Les-personnalites-de-la-Mairie-de-Francheville-lors-d-ela-remise-des-ballons.jpg 1451w\" sizes=\"(max-width: 1024px) 100vw, 1024px\" \/><\/a><\/figure>\n\n\n\n<figure class=\"wp-block-image size-large is-style-default\"><a href=\"https:\/\/www.comiterhone13.fr\/wp-content\/uploads\/2024\/04\/Remise-des-ballons-aux-Eagles-de-Francheville-au-Parc-Sportif.jpg\"><img loading=\"lazy\" decoding=\"async\" width=\"1024\" height=\"768\" data-id=\"8817\" src=\"https:\/\/www.comiterhone13.fr\/wp-content\/uploads\/2024\/04\/Remise-des-ballons-aux-Eagles-de-Francheville-au-Parc-Sportif-1024x768.jpg\" alt=\"\" class=\"wp-image-8817\" srcset=\"https:\/\/www.comiterhone13.fr\/wp-content\/uploads\/2024\/04\/Remise-des-ballons-aux-Eagles-de-Francheville-au-Parc-Sportif-1024x768.jpg 1024w, https:\/\/www.comiterhone13.fr\/wp-content\/uploads\/2024\/04\/Remise-des-ballons-aux-Eagles-de-Francheville-au-Parc-Sportif-300x225.jpg 300w, https:\/\/www.comiterhone13.fr\/wp-content\/uploads\/2024\/04\/Remise-des-ballons-aux-Eagles-de-Francheville-au-Parc-Sportif-768x576.jpg 768w, https:\/\/www.comiterhone13.fr\/wp-content\/uploads\/2024\/04\/Remise-des-ballons-aux-Eagles-de-Francheville-au-Parc-Sportif-1536x1151.jpg 1536w, https:\/\/www.comiterhone13.fr\/wp-content\/uploads\/2024\/04\/Remise-des-ballons-aux-Eagles-de-Francheville-au-Parc-Sportif.jpg 1693w\" sizes=\"(max-width: 1024px) 100vw, 1024px\" \/><\/a><\/figure>\n\n\n\n<figure class=\"wp-block-image size-large is-style-default\"><a href=\"https:\/\/www.comiterhone13.fr\/wp-content\/uploads\/2024\/04\/remise-des-ballons-par-Laurence-Marcasse-Premiere-adjointe.jpg\"><img loading=\"lazy\" decoding=\"async\" width=\"1024\" height=\"768\" data-id=\"8810\" src=\"https:\/\/www.comiterhone13.fr\/wp-content\/uploads\/2024\/04\/remise-des-ballons-par-Laurence-Marcasse-Premiere-adjointe-1024x768.jpg\" alt=\"\" class=\"wp-image-8810\" srcset=\"https:\/\/www.comiterhone13.fr\/wp-content\/uploads\/2024\/04\/remise-des-ballons-par-Laurence-Marcasse-Premiere-adjointe-1024x768.jpg 1024w, https:\/\/www.comiterhone13.fr\/wp-content\/uploads\/2024\/04\/remise-des-ballons-par-Laurence-Marcasse-Premiere-adjointe-300x225.jpg 300w, https:\/\/www.comiterhone13.fr\/wp-content\/uploads\/2024\/04\/remise-des-ballons-par-Laurence-Marcasse-Premiere-adjointe-768x576.jpg 768w, https:\/\/www.comiterhone13.fr\/wp-content\/uploads\/2024\/04\/remise-des-ballons-par-Laurence-Marcasse-Premiere-adjointe.jpg 1451w\" sizes=\"(max-width: 1024px) 100vw, 1024px\" \/><\/a><\/figure>\n\n\n\n<figure class=\"wp-block-image size-large is-style-default\"><a href=\"https:\/\/www.comiterhone13.fr\/wp-content\/uploads\/2024\/04\/Remise-du-ballon-a-Victor-par-Laurence-Premiere-adjointe-a-la-Mairie.jpg\"><img loading=\"lazy\" decoding=\"async\" width=\"1024\" height=\"768\" data-id=\"8811\" src=\"https:\/\/www.comiterhone13.fr\/wp-content\/uploads\/2024\/04\/Remise-du-ballon-a-Victor-par-Laurence-Premiere-adjointe-a-la-Mairie-1024x768.jpg\" alt=\"\" class=\"wp-image-8811\" srcset=\"https:\/\/www.comiterhone13.fr\/wp-content\/uploads\/2024\/04\/Remise-du-ballon-a-Victor-par-Laurence-Premiere-adjointe-a-la-Mairie-1024x768.jpg 1024w, https:\/\/www.comiterhone13.fr\/wp-content\/uploads\/2024\/04\/Remise-du-ballon-a-Victor-par-Laurence-Premiere-adjointe-a-la-Mairie-300x225.jpg 300w, https:\/\/www.comiterhone13.fr\/wp-content\/uploads\/2024\/04\/Remise-du-ballon-a-Victor-par-Laurence-Premiere-adjointe-a-la-Mairie-768x576.jpg 768w, https:\/\/www.comiterhone13.fr\/wp-content\/uploads\/2024\/04\/Remise-du-ballon-a-Victor-par-Laurence-Premiere-adjointe-a-la-Mairie.jpg 1451w\" sizes=\"(max-width: 1024px) 100vw, 1024px\" \/><\/a><\/figure>\n<\/figure>\n","protected":false},"excerpt":{"rendered":"<p>Ce matin sous un beau soleil, avait lieu la remise des ballons de la FFR XIII aux 12&nbsp; jeunes licenci\u00e9s de l\u00a0\u00bb\u00e9cole de Rugby des Eagles de Francheville en pr\u00e9sence de Laurence Marcasse, Premi\u00e8re&#46;&#46;&#46;<\/p>\n","protected":false},"author":1,"featured_media":8817,"comment_status":"closed","ping_status":"closed","sticky":false,"template":"","format":"standard","meta":{"footnotes":""},"categories":[44,23],"tags":[87],"_links":{"self":[{"href":"https:\/\/www.comiterhone13.fr\/index.php?rest_route=\/wp\/v2\/posts\/8809"}],"collection":[{"href":"https:\/\/www.comiterhone13.fr\/index.php?rest_route=\/wp\/v2\/posts"}],"about":[{"href":"https:\/\/www.comiterhone13.fr\/index.php?rest_route=\/wp\/v2\/types\/post"}],"author":[{"embeddable":true,"href":"https:\/\/www.comiterhone13.fr\/index.php?rest_route=\/wp\/v2\/users\/1"}],"replies":[{"embeddable":true,"href":"https:\/\/www.comiterhone13.fr\/index.php?rest_route=%2Fwp%2Fv2%2Fcomments&post=8809"}],"version-history":[{"count":1,"href":"https:\/\/www.comiterhone13.fr\/index.php?rest_route=\/wp\/v2\/posts\/8809\/revisions"}],"predecessor-version":[{"id":8818,"href":"https:\/\/www.comiterhone13.fr\/index.php?rest_route=\/wp\/v2\/posts\/8809\/revisions\/8818"}],"wp:featuredmedia":[{"embeddable":true,"href":"https:\/\/www.comiterhone13.fr\/index.php?rest_route=\/wp\/v2\/media\/8817"}],"wp:attachment":[{"href":"https:\/\/www.comiterhone13.fr\/index.php?rest_route=%2Fwp%2Fv2%2Fmedia&parent=8809"}],"wp:term":[{"taxonomy":"category","embeddable":true,"href":"https:\/\/www.comiterhone13.fr\/index.php?rest_route=%2Fwp%2Fv2%2Fcategories&post=8809"},{"taxonomy":"post_tag","embeddable":true,"href":"https:\/\/www.comiterhone13.fr\/index.php?rest_route=%2Fwp%2Fv2%2Ftags&post=8809"}],"curies":[{"name":"wp","href":"https:\/\/api.w.org\/{rel}","templated":true}]}}