{"id":8840,"date":"2024-04-08T06:16:20","date_gmt":"2024-04-08T05:16:20","guid":{"rendered":"https:\/\/www.comiterhone13.fr\/?p=8840"},"modified":"2024-04-08T06:16:21","modified_gmt":"2024-04-08T05:16:21","slug":"journee-olympique-paralympique-avec-le-college-termier-de-lyon-montchat","status":"publish","type":"post","link":"https:\/\/www.comiterhone13.fr\/?p=8840","title":{"rendered":"JOURNEE OLYMPIQUE &amp; PARALYMPIQUE AVEC LE COLLEGE TERMIER DE LYON MONTCHAT"},"content":{"rendered":"\n<p>Ce vendredi matin les animateurs du Comit\u00e9 Rh\u00f4ne et M\u00e9tropole de Lyon de rugby \u00e0 XIII autour de Emma, Matteo, Oscar et S\u00e9bastien ont propos\u00e9 des ateliers Rugby XIII Fauteuil aux \u00e9l\u00e8ves d&rsquo;une classe de 6eme et 3eme (59 coll\u00e9giens en tout) dans le cadre d&rsquo;une\u00a0 journ\u00e9e de sensibilisation au handicap propos\u00e9e par Sandrine Coponat du Coll\u00e8ge Termier. A voir les larges sourires et l&rsquo;enthousiasme, tous les \u00e9l\u00e8ves ont appr\u00e9ci\u00e9 la d\u00e9couverte de cette pratique interg\u00e9n\u00e9rationnelle qui fait la part belle \u00e0 la mixit\u00e9 et associe des jeunes valides \u00e0 des personnes en situation de handicap. Le pr\u00e9sident du Comit\u00e9 Jacques Cavezzan et aussi\u00a0 Vice Pr\u00e9sident du Comit\u00e9 d\u00e9partemental Olympique et sportif du Rh\u00f4ne et M\u00e9tropole de Lyon dont le si\u00e8ge est dans le quartier a profit\u00e9 de\u00a0l&rsquo;occasion\u00a0pour remettre\u00a0\u00a0aux \u00e9l\u00e8ves le livret Panini du CNOSF qui pr\u00e9sente les diff\u00e9rentes comp\u00e9titions Olympiques et Paralympiques ainsi que les noms des champions. Tous ont \u00e9t\u00e9 captiv\u00e9s par cette nouvelle pratique et ravis de ramener un souvenir de cette matin\u00e9e \u00e0 quelques\u00a0jours des vacances de Printemps\u00a0 \u00a0!<\/p>\n\n\n\n<figure class=\"wp-block-gallery has-nested-images columns-default is-cropped wp-block-gallery-1 is-layout-flex wp-block-gallery-is-layout-flex\">\n<figure class=\"wp-block-image size-large is-style-default\"><a href=\"https:\/\/www.comiterhone13.fr\/wp-content\/uploads\/2024\/04\/1-la-joie-des-eleves-de-6eme-du-College-Termier-avec-le-livret-Panini.jpg\"><img loading=\"lazy\" decoding=\"async\" width=\"1024\" height=\"768\" data-id=\"8843\" src=\"https:\/\/www.comiterhone13.fr\/wp-content\/uploads\/2024\/04\/1-la-joie-des-eleves-de-6eme-du-College-Termier-avec-le-livret-Panini-1024x768.jpg\" alt=\"\" class=\"wp-image-8843\" srcset=\"https:\/\/www.comiterhone13.fr\/wp-content\/uploads\/2024\/04\/1-la-joie-des-eleves-de-6eme-du-College-Termier-avec-le-livret-Panini-1024x768.jpg 1024w, https:\/\/www.comiterhone13.fr\/wp-content\/uploads\/2024\/04\/1-la-joie-des-eleves-de-6eme-du-College-Termier-avec-le-livret-Panini-300x225.jpg 300w, https:\/\/www.comiterhone13.fr\/wp-content\/uploads\/2024\/04\/1-la-joie-des-eleves-de-6eme-du-College-Termier-avec-le-livret-Panini-768x576.jpg 768w, https:\/\/www.comiterhone13.fr\/wp-content\/uploads\/2024\/04\/1-la-joie-des-eleves-de-6eme-du-College-Termier-avec-le-livret-Panini.jpg 1228w\" sizes=\"(max-width: 1024px) 100vw, 1024px\" \/><\/a><\/figure>\n\n\n\n<figure class=\"wp-block-image size-large is-style-default\"><a href=\"https:\/\/www.comiterhone13.fr\/wp-content\/uploads\/2024\/04\/2-c-est-parti-pour-la-semaine-olympique.jpg\"><img loading=\"lazy\" decoding=\"async\" width=\"1024\" height=\"538\" data-id=\"8842\" src=\"https:\/\/www.comiterhone13.fr\/wp-content\/uploads\/2024\/04\/2-c-est-parti-pour-la-semaine-olympique-1024x538.jpg\" alt=\"\" class=\"wp-image-8842\" srcset=\"https:\/\/www.comiterhone13.fr\/wp-content\/uploads\/2024\/04\/2-c-est-parti-pour-la-semaine-olympique-1024x538.jpg 1024w, https:\/\/www.comiterhone13.fr\/wp-content\/uploads\/2024\/04\/2-c-est-parti-pour-la-semaine-olympique-300x157.jpg 300w, https:\/\/www.comiterhone13.fr\/wp-content\/uploads\/2024\/04\/2-c-est-parti-pour-la-semaine-olympique-768x403.jpg 768w, https:\/\/www.comiterhone13.fr\/wp-content\/uploads\/2024\/04\/2-c-est-parti-pour-la-semaine-olympique-1536x806.jpg 1536w, https:\/\/www.comiterhone13.fr\/wp-content\/uploads\/2024\/04\/2-c-est-parti-pour-la-semaine-olympique.jpg 2048w\" sizes=\"(max-width: 1024px) 100vw, 1024px\" \/><\/a><\/figure>\n\n\n\n<figure class=\"wp-block-image size-large is-style-default\"><a href=\"https:\/\/www.comiterhone13.fr\/wp-content\/uploads\/2024\/04\/3-Emma-et-Jacques-remettent-le-livret-Panini-a-Sandrine-Coponat-Prof-EPS-du-college-Termier.jpg\"><img loading=\"lazy\" decoding=\"async\" width=\"1024\" height=\"461\" data-id=\"8841\" src=\"https:\/\/www.comiterhone13.fr\/wp-content\/uploads\/2024\/04\/3-Emma-et-Jacques-remettent-le-livret-Panini-a-Sandrine-Coponat-Prof-EPS-du-college-Termier-1024x461.jpg\" alt=\"\" class=\"wp-image-8841\" srcset=\"https:\/\/www.comiterhone13.fr\/wp-content\/uploads\/2024\/04\/3-Emma-et-Jacques-remettent-le-livret-Panini-a-Sandrine-Coponat-Prof-EPS-du-college-Termier-1024x461.jpg 1024w, https:\/\/www.comiterhone13.fr\/wp-content\/uploads\/2024\/04\/3-Emma-et-Jacques-remettent-le-livret-Panini-a-Sandrine-Coponat-Prof-EPS-du-college-Termier-300x135.jpg 300w, https:\/\/www.comiterhone13.fr\/wp-content\/uploads\/2024\/04\/3-Emma-et-Jacques-remettent-le-livret-Panini-a-Sandrine-Coponat-Prof-EPS-du-college-Termier-768x346.jpg 768w, https:\/\/www.comiterhone13.fr\/wp-content\/uploads\/2024\/04\/3-Emma-et-Jacques-remettent-le-livret-Panini-a-Sandrine-Coponat-Prof-EPS-du-college-Termier-1536x691.jpg 1536w, https:\/\/www.comiterhone13.fr\/wp-content\/uploads\/2024\/04\/3-Emma-et-Jacques-remettent-le-livret-Panini-a-Sandrine-Coponat-Prof-EPS-du-college-Termier.jpg 1693w\" sizes=\"(max-width: 1024px) 100vw, 1024px\" \/><\/a><\/figure>\n\n\n\n<figure class=\"wp-block-image size-large is-style-default\"><a href=\"https:\/\/www.comiterhone13.fr\/wp-content\/uploads\/2024\/04\/arrachage-du-Tag-en-Rugby-fauteuil.jpg\"><img loading=\"lazy\" decoding=\"async\" width=\"461\" height=\"1024\" data-id=\"8845\" src=\"https:\/\/www.comiterhone13.fr\/wp-content\/uploads\/2024\/04\/arrachage-du-Tag-en-Rugby-fauteuil-461x1024.jpg\" alt=\"\" class=\"wp-image-8845\" srcset=\"https:\/\/www.comiterhone13.fr\/wp-content\/uploads\/2024\/04\/arrachage-du-Tag-en-Rugby-fauteuil-461x1024.jpg 461w, https:\/\/www.comiterhone13.fr\/wp-content\/uploads\/2024\/04\/arrachage-du-Tag-en-Rugby-fauteuil-135x300.jpg 135w, https:\/\/www.comiterhone13.fr\/wp-content\/uploads\/2024\/04\/arrachage-du-Tag-en-Rugby-fauteuil-691x1536.jpg 691w, https:\/\/www.comiterhone13.fr\/wp-content\/uploads\/2024\/04\/arrachage-du-Tag-en-Rugby-fauteuil.jpg 762w\" sizes=\"(max-width: 461px) 100vw, 461px\" \/><\/a><\/figure>\n\n\n\n<figure class=\"wp-block-image size-large is-style-default\"><a href=\"https:\/\/www.comiterhone13.fr\/wp-content\/uploads\/2024\/04\/Emma-et-Sebastien-presentent-le-programme.jpg\"><img loading=\"lazy\" decoding=\"async\" width=\"1024\" height=\"768\" data-id=\"8847\" src=\"https:\/\/www.comiterhone13.fr\/wp-content\/uploads\/2024\/04\/Emma-et-Sebastien-presentent-le-programme-1024x768.jpg\" alt=\"\" class=\"wp-image-8847\" srcset=\"https:\/\/www.comiterhone13.fr\/wp-content\/uploads\/2024\/04\/Emma-et-Sebastien-presentent-le-programme-1024x768.jpg 1024w, https:\/\/www.comiterhone13.fr\/wp-content\/uploads\/2024\/04\/Emma-et-Sebastien-presentent-le-programme-300x225.jpg 300w, https:\/\/www.comiterhone13.fr\/wp-content\/uploads\/2024\/04\/Emma-et-Sebastien-presentent-le-programme-768x576.jpg 768w, https:\/\/www.comiterhone13.fr\/wp-content\/uploads\/2024\/04\/Emma-et-Sebastien-presentent-le-programme-1536x1151.jpg 1536w, https:\/\/www.comiterhone13.fr\/wp-content\/uploads\/2024\/04\/Emma-et-Sebastien-presentent-le-programme.jpg 1693w\" sizes=\"(max-width: 1024px) 100vw, 1024px\" \/><\/a><\/figure>\n\n\n\n<figure class=\"wp-block-image size-large is-style-default\"><a href=\"https:\/\/www.comiterhone13.fr\/wp-content\/uploads\/2024\/04\/mise-en-place-des-ceintures.jpg\"><img loading=\"lazy\" decoding=\"async\" width=\"1024\" height=\"768\" data-id=\"8844\" src=\"https:\/\/www.comiterhone13.fr\/wp-content\/uploads\/2024\/04\/mise-en-place-des-ceintures-1024x768.jpg\" alt=\"\" class=\"wp-image-8844\" srcset=\"https:\/\/www.comiterhone13.fr\/wp-content\/uploads\/2024\/04\/mise-en-place-des-ceintures-1024x768.jpg 1024w, https:\/\/www.comiterhone13.fr\/wp-content\/uploads\/2024\/04\/mise-en-place-des-ceintures-300x225.jpg 300w, https:\/\/www.comiterhone13.fr\/wp-content\/uploads\/2024\/04\/mise-en-place-des-ceintures-768x576.jpg 768w, https:\/\/www.comiterhone13.fr\/wp-content\/uploads\/2024\/04\/mise-en-place-des-ceintures.jpg 1451w\" sizes=\"(max-width: 1024px) 100vw, 1024px\" \/><\/a><\/figure>\n\n\n\n<figure class=\"wp-block-image size-large is-style-default\"><a href=\"https:\/\/www.comiterhone13.fr\/wp-content\/uploads\/2024\/04\/Sebastien-et-Emma-avec-les-collegiens.jpg\"><img loading=\"lazy\" decoding=\"async\" width=\"1024\" height=\"768\" data-id=\"8846\" src=\"https:\/\/www.comiterhone13.fr\/wp-content\/uploads\/2024\/04\/Sebastien-et-Emma-avec-les-collegiens-1024x768.jpg\" alt=\"\" class=\"wp-image-8846\" srcset=\"https:\/\/www.comiterhone13.fr\/wp-content\/uploads\/2024\/04\/Sebastien-et-Emma-avec-les-collegiens-1024x768.jpg 1024w, https:\/\/www.comiterhone13.fr\/wp-content\/uploads\/2024\/04\/Sebastien-et-Emma-avec-les-collegiens-300x225.jpg 300w, https:\/\/www.comiterhone13.fr\/wp-content\/uploads\/2024\/04\/Sebastien-et-Emma-avec-les-collegiens-768x576.jpg 768w, https:\/\/www.comiterhone13.fr\/wp-content\/uploads\/2024\/04\/Sebastien-et-Emma-avec-les-collegiens-1536x1151.jpg 1536w, https:\/\/www.comiterhone13.fr\/wp-content\/uploads\/2024\/04\/Sebastien-et-Emma-avec-les-collegiens.jpg 1693w\" sizes=\"(max-width: 1024px) 100vw, 1024px\" \/><\/a><\/figure>\n<\/figure>\n","protected":false},"excerpt":{"rendered":"<p>Ce vendredi matin les animateurs du Comit\u00e9 Rh\u00f4ne et M\u00e9tropole de Lyon de rugby \u00e0 XIII autour de Emma, Matteo, Oscar et S\u00e9bastien ont propos\u00e9 des ateliers Rugby XIII Fauteuil aux \u00e9l\u00e8ves d&rsquo;une classe&#46;&#46;&#46;<\/p>\n","protected":false},"author":1,"featured_media":8843,"comment_status":"closed","ping_status":"closed","sticky":false,"template":"","format":"standard","meta":{"footnotes":""},"categories":[136,23],"tags":[132],"_links":{"self":[{"href":"https:\/\/www.comiterhone13.fr\/index.php?rest_route=\/wp\/v2\/posts\/8840"}],"collection":[{"href":"https:\/\/www.comiterhone13.fr\/index.php?rest_route=\/wp\/v2\/posts"}],"about":[{"href":"https:\/\/www.comiterhone13.fr\/index.php?rest_route=\/wp\/v2\/types\/post"}],"author":[{"embeddable":true,"href":"https:\/\/www.comiterhone13.fr\/index.php?rest_route=\/wp\/v2\/users\/1"}],"replies":[{"embeddable":true,"href":"https:\/\/www.comiterhone13.fr\/index.php?rest_route=%2Fwp%2Fv2%2Fcomments&post=8840"}],"version-history":[{"count":1,"href":"https:\/\/www.comiterhone13.fr\/index.php?rest_route=\/wp\/v2\/posts\/8840\/revisions"}],"predecessor-version":[{"id":8848,"href":"https:\/\/www.comiterhone13.fr\/index.php?rest_route=\/wp\/v2\/posts\/8840\/revisions\/8848"}],"wp:featuredmedia":[{"embeddable":true,"href":"https:\/\/www.comiterhone13.fr\/index.php?rest_route=\/wp\/v2\/media\/8843"}],"wp:attachment":[{"href":"https:\/\/www.comiterhone13.fr\/index.php?rest_route=%2Fwp%2Fv2%2Fmedia&parent=8840"}],"wp:term":[{"taxonomy":"category","embeddable":true,"href":"https:\/\/www.comiterhone13.fr\/index.php?rest_route=%2Fwp%2Fv2%2Fcategories&post=8840"},{"taxonomy":"post_tag","embeddable":true,"href":"https:\/\/www.comiterhone13.fr\/index.php?rest_route=%2Fwp%2Fv2%2Ftags&post=8840"}],"curies":[{"name":"wp","href":"https:\/\/api.w.org\/{rel}","templated":true}]}}