{"id":9402,"date":"2024-09-30T07:39:06","date_gmt":"2024-09-30T06:39:06","guid":{"rendered":"https:\/\/www.comiterhone13.fr\/?p=9402"},"modified":"2024-09-30T07:39:07","modified_gmt":"2024-09-30T06:39:07","slug":"belle-affluence-pour-le-brunch-des-10-ans-du-sainte-foy-rugby-league","status":"publish","type":"post","link":"https:\/\/www.comiterhone13.fr\/?p=9402","title":{"rendered":"BELLE AFFLUENCE POUR LE BRUNCH DES 10 ANS DU SAINTE FOY RUGBY LEAGUE"},"content":{"rendered":"\n<p>C&rsquo;est au stade du plan du Loup que s&rsquo;est d\u00e9roul\u00e9 ce matin le Brunch -Rugby -10 Ans du club en pr\u00e9sence des adh\u00e9rents et licenci\u00e9s de l&rsquo;Ecole de Rugby, U15; U17 U19 , \u00e9ducateurs, b\u00e9n\u00e9voles et dirigeants du club, de Mme V\u00e9ronique Sarselli, Maire, Christian Novent adjoint aux sports, Jacques Cavezzan Pr\u00e9sident du\u00a0<a href=\"https:\/\/www.facebook.com\/comitedurhonerugbyaXIII?__cft__[0]=AZUZ-3IiVhV04quno6t7kHbFiiWK8zDVSal5LMDbzK7mcaCiC2g_nqtkthw2bfwZL-YdYXfPAMVYiCfmGaY5pUJj2jki07do_N3F5LuANK9Z56EKcU0muOzLvmgmptjNDfG7CQaoAx-qC1oWRu2etNHPofhPudrl-RwqSrrviPVOBg&amp;__tn__=-]K-R\" target=\"_blank\" rel=\"noreferrer noopener\">Comit\u00e9 Rh\u00f4ne et M\u00e9tropole de Lyon rugby \u00e0 XIII<\/a>\u00a0et Pascal Merlin \u00e9lu \u00e0 la FFR XIII. Julien\u00a0Le Pr\u00e9sident a remerci\u00e9 tous les participants, licenci\u00e9s, loisirs et b\u00e9n\u00e9voles qui \u0153uvrent \u00e0 ses c\u00f4t\u00e9s au sein d&rsquo;un club familial. Il a ensuite pass\u00e9 la parole \u00e0 Thibaud le Pr\u00e9sident Fondateur. il s&rsquo;est excus\u00e9 \u00ab\u00a0certains parmi vous ne me connaissent pas et c&rsquo;est tant mieux car cela veut dire que depuis 10 ans ce club de 60 licenci\u00e9s \u00e0 ses d\u00e9buts s&rsquo;est renouvel\u00e9 et a attir\u00e9 de nombreux amis passionn\u00e9s par l&rsquo;Ovalie en formant un club familial de plus de 250 adh\u00e9rents! Il a suffi d&rsquo;un alignement des plan\u00e8tes, la passion, l&rsquo;\u00e9nergie de\u00a0<a href=\"https:\/\/www.facebook.com\/jacques.cavezzan?__cft__[0]=AZUZ-3IiVhV04quno6t7kHbFiiWK8zDVSal5LMDbzK7mcaCiC2g_nqtkthw2bfwZL-YdYXfPAMVYiCfmGaY5pUJj2jki07do_N3F5LuANK9Z56EKcU0muOzLvmgmptjNDfG7CQaoAx-qC1oWRu2etNHPofhPudrl-RwqSrrviPVOBg&amp;__tn__=-]K-R\" target=\"_blank\" rel=\"noreferrer noopener\">Jacques Cavezzan<\/a>\u00a0un projet de d\u00e9veloppement du rugby \u00e0 13 et de la balle ovale pour que le petit miracle se r\u00e9alise!. Le Pr\u00e9sident du Comit\u00e9 Jacques Cavezzan a ensuite pris la parole pour faire l&rsquo;\u00e9loge de ce club familial qui a d\u00e9marr\u00e9 il y a 10 ans avec une \u00e9cole de rugby et une poign\u00e9e de dirigeants et \u00e9ducateurs b\u00e9n\u00e9voles autour du Pr\u00e9sident Thibaud. Que de chemin parcouru depuis 2014 avec en plus de l&rsquo;\u00e9cole de rugby, une \u00e9quipe U15, une \u00e9quipe U17 championne de France en Mai 2022 et cette ann\u00e9e l&rsquo;engagement de Juniors U19 dont 4 \u00e9l\u00e9ments form\u00e9s au club se retrouvent en \u00e9quipe de France U19 et une \u00e9quipe mixte de Loisirs de plus de 40 inscrits ! Bravo Vous \u00eates un exemple de r\u00e9ussite de la formation en AURA mais aussi dans toute la France Treiziste. Le Pr\u00e9sident Jacques Cavezzan a remis en guise de f\u00e9licitations un troph\u00e9e aux Pr\u00e9sidents sous les yeux de Mme V\u00e9ronique Sarselli, Maire de la ville qui appr\u00e9cie les r\u00e9sultats obtenus par ce club familial.\u00a0<img loading=\"lazy\" decoding=\"async\" height=\"16\" width=\"16\" src=\"https:\/\/ci3.googleusercontent.com\/meips\/ADKq_NbLTg3zH_YOIxzgEo3d68BYgTqArT3qJPIlukexhQoUQ5KpF_qoh1pozmY7nllhDdcxOmVwuZVYfgvqBQ7jh1kKLkdO5Yo-Xi3VXW8ZzxcGwfAlkTUkrg4=s0-d-e1-ft#https:\/\/static.xx.fbcdn.net\/images\/emoji.php\/v9\/t51\/1\/16\/1f603.png\" alt=\"&#x1f603;\"><\/p>\n\n\n\n<figure class=\"wp-block-gallery has-nested-images columns-default is-cropped wp-block-gallery-1 is-layout-flex wp-block-gallery-is-layout-flex\">\n<figure class=\"wp-block-image size-large is-style-default\"><img loading=\"lazy\" decoding=\"async\" width=\"1024\" height=\"768\" data-id=\"9410\" src=\"https:\/\/www.comiterhone13.fr\/wp-content\/uploads\/2024\/09\/1-intervention-du-President-Julen-Rambaud-1024x768.jpg\" alt=\"\" class=\"wp-image-9410\" srcset=\"https:\/\/www.comiterhone13.fr\/wp-content\/uploads\/2024\/09\/1-intervention-du-President-Julen-Rambaud-1024x768.jpg 1024w, https:\/\/www.comiterhone13.fr\/wp-content\/uploads\/2024\/09\/1-intervention-du-President-Julen-Rambaud-300x225.jpg 300w, https:\/\/www.comiterhone13.fr\/wp-content\/uploads\/2024\/09\/1-intervention-du-President-Julen-Rambaud-768x576.jpg 768w, https:\/\/www.comiterhone13.fr\/wp-content\/uploads\/2024\/09\/1-intervention-du-President-Julen-Rambaud-1536x1151.jpg 1536w, https:\/\/www.comiterhone13.fr\/wp-content\/uploads\/2024\/09\/1-intervention-du-President-Julen-Rambaud.jpg 1693w\" sizes=\"(max-width: 1024px) 100vw, 1024px\" \/><\/figure>\n\n\n\n<figure class=\"wp-block-image size-large is-style-default\"><img loading=\"lazy\" decoding=\"async\" width=\"1024\" height=\"768\" data-id=\"9404\" src=\"https:\/\/www.comiterhone13.fr\/wp-content\/uploads\/2024\/09\/2-Remise-du-Trophee-au-President-Julien-Rambaus-avec-2-anciens-Presidents-Thibaud-et-Damien-et-Veronique-Sarselli-1024x768.jpg\" alt=\"\" class=\"wp-image-9404\" srcset=\"https:\/\/www.comiterhone13.fr\/wp-content\/uploads\/2024\/09\/2-Remise-du-Trophee-au-President-Julien-Rambaus-avec-2-anciens-Presidents-Thibaud-et-Damien-et-Veronique-Sarselli-1024x768.jpg 1024w, https:\/\/www.comiterhone13.fr\/wp-content\/uploads\/2024\/09\/2-Remise-du-Trophee-au-President-Julien-Rambaus-avec-2-anciens-Presidents-Thibaud-et-Damien-et-Veronique-Sarselli-300x225.jpg 300w, https:\/\/www.comiterhone13.fr\/wp-content\/uploads\/2024\/09\/2-Remise-du-Trophee-au-President-Julien-Rambaus-avec-2-anciens-Presidents-Thibaud-et-Damien-et-Veronique-Sarselli-768x576.jpg 768w, https:\/\/www.comiterhone13.fr\/wp-content\/uploads\/2024\/09\/2-Remise-du-Trophee-au-President-Julien-Rambaus-avec-2-anciens-Presidents-Thibaud-et-Damien-et-Veronique-Sarselli-1536x1151.jpg 1536w, https:\/\/www.comiterhone13.fr\/wp-content\/uploads\/2024\/09\/2-Remise-du-Trophee-au-President-Julien-Rambaus-avec-2-anciens-Presidents-Thibaud-et-Damien-et-Veronique-Sarselli.jpg 1693w\" sizes=\"(max-width: 1024px) 100vw, 1024px\" \/><\/figure>\n\n\n\n<figure class=\"wp-block-image size-large is-style-default\"><a href=\"https:\/\/www.comiterhone13.fr\/wp-content\/uploads\/2024\/09\/3-une-belle-assistance.jpg\"><img loading=\"lazy\" decoding=\"async\" width=\"1024\" height=\"768\" data-id=\"9406\" src=\"https:\/\/www.comiterhone13.fr\/wp-content\/uploads\/2024\/09\/3-une-belle-assistance-1024x768.jpg\" alt=\"\" class=\"wp-image-9406\" srcset=\"https:\/\/www.comiterhone13.fr\/wp-content\/uploads\/2024\/09\/3-une-belle-assistance-1024x768.jpg 1024w, https:\/\/www.comiterhone13.fr\/wp-content\/uploads\/2024\/09\/3-une-belle-assistance-300x225.jpg 300w, https:\/\/www.comiterhone13.fr\/wp-content\/uploads\/2024\/09\/3-une-belle-assistance-768x576.jpg 768w, https:\/\/www.comiterhone13.fr\/wp-content\/uploads\/2024\/09\/3-une-belle-assistance.jpg 1451w\" sizes=\"(max-width: 1024px) 100vw, 1024px\" \/><\/a><\/figure>\n\n\n\n<figure class=\"wp-block-image size-large is-style-default\"><a href=\"https:\/\/www.comiterhone13.fr\/wp-content\/uploads\/2024\/09\/Intervention-de-Thibaud-le-President-Fondateur.jpg\"><img loading=\"lazy\" decoding=\"async\" width=\"1024\" height=\"768\" data-id=\"9409\" src=\"https:\/\/www.comiterhone13.fr\/wp-content\/uploads\/2024\/09\/Intervention-de-Thibaud-le-President-Fondateur-1024x768.jpg\" alt=\"\" class=\"wp-image-9409\" srcset=\"https:\/\/www.comiterhone13.fr\/wp-content\/uploads\/2024\/09\/Intervention-de-Thibaud-le-President-Fondateur-1024x768.jpg 1024w, https:\/\/www.comiterhone13.fr\/wp-content\/uploads\/2024\/09\/Intervention-de-Thibaud-le-President-Fondateur-300x225.jpg 300w, https:\/\/www.comiterhone13.fr\/wp-content\/uploads\/2024\/09\/Intervention-de-Thibaud-le-President-Fondateur-768x576.jpg 768w, https:\/\/www.comiterhone13.fr\/wp-content\/uploads\/2024\/09\/Intervention-de-Thibaud-le-President-Fondateur.jpg 1451w\" sizes=\"(max-width: 1024px) 100vw, 1024px\" \/><\/a><\/figure>\n\n\n\n<figure class=\"wp-block-image size-large is-style-default\"><img loading=\"lazy\" decoding=\"async\" width=\"768\" height=\"1024\" data-id=\"9411\" src=\"https:\/\/www.comiterhone13.fr\/wp-content\/uploads\/2024\/09\/Le-bureau-du-club-768x1024.jpg\" alt=\"\" class=\"wp-image-9411\" srcset=\"https:\/\/www.comiterhone13.fr\/wp-content\/uploads\/2024\/09\/Le-bureau-du-club-768x1025.jpg 768w, https:\/\/www.comiterhone13.fr\/wp-content\/uploads\/2024\/09\/Le-bureau-du-club-225x300.jpg 225w, https:\/\/www.comiterhone13.fr\/wp-content\/uploads\/2024\/09\/Le-bureau-du-club-1151x1536.jpg 1151w, https:\/\/www.comiterhone13.fr\/wp-content\/uploads\/2024\/09\/Le-bureau-du-club.jpg 1269w\" sizes=\"(max-width: 768px) 100vw, 768px\" \/><\/figure>\n\n\n\n<figure class=\"wp-block-image size-large is-style-default\"><a href=\"https:\/\/www.comiterhone13.fr\/wp-content\/uploads\/2024\/09\/le-club-de-SFRL-en-sept-2014.jpg\"><img loading=\"lazy\" decoding=\"async\" width=\"1024\" height=\"576\" data-id=\"9405\" src=\"https:\/\/www.comiterhone13.fr\/wp-content\/uploads\/2024\/09\/le-club-de-SFRL-en-sept-2014-1024x576.jpg\" alt=\"\" class=\"wp-image-9405\" srcset=\"https:\/\/www.comiterhone13.fr\/wp-content\/uploads\/2024\/09\/le-club-de-SFRL-en-sept-2014-1024x576.jpg 1024w, https:\/\/www.comiterhone13.fr\/wp-content\/uploads\/2024\/09\/le-club-de-SFRL-en-sept-2014-300x169.jpg 300w, https:\/\/www.comiterhone13.fr\/wp-content\/uploads\/2024\/09\/le-club-de-SFRL-en-sept-2014-768x432.jpg 768w, https:\/\/www.comiterhone13.fr\/wp-content\/uploads\/2024\/09\/le-club-de-SFRL-en-sept-2014.jpg 1248w\" sizes=\"(max-width: 1024px) 100vw, 1024px\" \/><\/a><\/figure>\n\n\n\n<figure class=\"wp-block-image size-large is-style-default\"><a href=\"https:\/\/www.comiterhone13.fr\/wp-content\/uploads\/2024\/09\/Presentation-des-premeirs-maillots-en-sept-2014.jpg\"><img loading=\"lazy\" decoding=\"async\" width=\"1024\" height=\"576\" data-id=\"9403\" src=\"https:\/\/www.comiterhone13.fr\/wp-content\/uploads\/2024\/09\/Presentation-des-premeirs-maillots-en-sept-2014-1024x576.jpg\" alt=\"\" class=\"wp-image-9403\" srcset=\"https:\/\/www.comiterhone13.fr\/wp-content\/uploads\/2024\/09\/Presentation-des-premeirs-maillots-en-sept-2014-1024x576.jpg 1024w, https:\/\/www.comiterhone13.fr\/wp-content\/uploads\/2024\/09\/Presentation-des-premeirs-maillots-en-sept-2014-300x169.jpg 300w, https:\/\/www.comiterhone13.fr\/wp-content\/uploads\/2024\/09\/Presentation-des-premeirs-maillots-en-sept-2014-768x432.jpg 768w, https:\/\/www.comiterhone13.fr\/wp-content\/uploads\/2024\/09\/Presentation-des-premeirs-maillots-en-sept-2014.jpg 1152w\" sizes=\"(max-width: 1024px) 100vw, 1024px\" \/><\/a><\/figure>\n\n\n\n<figure class=\"wp-block-image size-large is-style-default\"><a href=\"https:\/\/www.comiterhone13.fr\/wp-content\/uploads\/2024\/09\/Thibaud-presente-le-Fauteuil-pour-Julien-le-President-a-placer-dans-le-futur-Club-House.jpg\"><img loading=\"lazy\" decoding=\"async\" width=\"768\" height=\"1024\" data-id=\"9408\" src=\"https:\/\/www.comiterhone13.fr\/wp-content\/uploads\/2024\/09\/Thibaud-presente-le-Fauteuil-pour-Julien-le-President-a-placer-dans-le-futur-Club-House-768x1024.jpg\" alt=\"\" class=\"wp-image-9408\" srcset=\"https:\/\/www.comiterhone13.fr\/wp-content\/uploads\/2024\/09\/Thibaud-presente-le-Fauteuil-pour-Julien-le-President-a-placer-dans-le-futur-Club-House-768x1024.jpg 768w, https:\/\/www.comiterhone13.fr\/wp-content\/uploads\/2024\/09\/Thibaud-presente-le-Fauteuil-pour-Julien-le-President-a-placer-dans-le-futur-Club-House-225x300.jpg 225w, https:\/\/www.comiterhone13.fr\/wp-content\/uploads\/2024\/09\/Thibaud-presente-le-Fauteuil-pour-Julien-le-President-a-placer-dans-le-futur-Club-House.jpg 1088w\" sizes=\"(max-width: 768px) 100vw, 768px\" \/><\/a><\/figure>\n\n\n\n<figure class=\"wp-block-image size-large is-style-default\"><a href=\"https:\/\/www.comiterhone13.fr\/wp-content\/uploads\/2024\/09\/une-Intervention-de-Jacques-Cavezzan.jpg\"><img loading=\"lazy\" decoding=\"async\" width=\"1024\" height=\"768\" data-id=\"9407\" src=\"https:\/\/www.comiterhone13.fr\/wp-content\/uploads\/2024\/09\/une-Intervention-de-Jacques-Cavezzan-1024x768.jpg\" alt=\"\" class=\"wp-image-9407\" srcset=\"https:\/\/www.comiterhone13.fr\/wp-content\/uploads\/2024\/09\/une-Intervention-de-Jacques-Cavezzan-1024x768.jpg 1024w, https:\/\/www.comiterhone13.fr\/wp-content\/uploads\/2024\/09\/une-Intervention-de-Jacques-Cavezzan-300x225.jpg 300w, https:\/\/www.comiterhone13.fr\/wp-content\/uploads\/2024\/09\/une-Intervention-de-Jacques-Cavezzan-768x576.jpg 768w, https:\/\/www.comiterhone13.fr\/wp-content\/uploads\/2024\/09\/une-Intervention-de-Jacques-Cavezzan.jpg 1451w\" sizes=\"(max-width: 1024px) 100vw, 1024px\" \/><\/a><\/figure>\n<\/figure>\n","protected":false},"excerpt":{"rendered":"<p>C&rsquo;est au stade du plan du Loup que s&rsquo;est d\u00e9roul\u00e9 ce matin le Brunch -Rugby -10 Ans du club en pr\u00e9sence des adh\u00e9rents et licenci\u00e9s de l&rsquo;Ecole de Rugby, U15; U17 U19 , \u00e9ducateurs,&#46;&#46;&#46;<\/p>\n","protected":false},"author":1,"featured_media":9405,"comment_status":"closed","ping_status":"closed","sticky":false,"template":"","format":"standard","meta":{"footnotes":""},"categories":[44,23],"tags":[30],"_links":{"self":[{"href":"https:\/\/www.comiterhone13.fr\/index.php?rest_route=\/wp\/v2\/posts\/9402"}],"collection":[{"href":"https:\/\/www.comiterhone13.fr\/index.php?rest_route=\/wp\/v2\/posts"}],"about":[{"href":"https:\/\/www.comiterhone13.fr\/index.php?rest_route=\/wp\/v2\/types\/post"}],"author":[{"embeddable":true,"href":"https:\/\/www.comiterhone13.fr\/index.php?rest_route=\/wp\/v2\/users\/1"}],"replies":[{"embeddable":true,"href":"https:\/\/www.comiterhone13.fr\/index.php?rest_route=%2Fwp%2Fv2%2Fcomments&post=9402"}],"version-history":[{"count":1,"href":"https:\/\/www.comiterhone13.fr\/index.php?rest_route=\/wp\/v2\/posts\/9402\/revisions"}],"predecessor-version":[{"id":9412,"href":"https:\/\/www.comiterhone13.fr\/index.php?rest_route=\/wp\/v2\/posts\/9402\/revisions\/9412"}],"wp:featuredmedia":[{"embeddable":true,"href":"https:\/\/www.comiterhone13.fr\/index.php?rest_route=\/wp\/v2\/media\/9405"}],"wp:attachment":[{"href":"https:\/\/www.comiterhone13.fr\/index.php?rest_route=%2Fwp%2Fv2%2Fmedia&parent=9402"}],"wp:term":[{"taxonomy":"category","embeddable":true,"href":"https:\/\/www.comiterhone13.fr\/index.php?rest_route=%2Fwp%2Fv2%2Fcategories&post=9402"},{"taxonomy":"post_tag","embeddable":true,"href":"https:\/\/www.comiterhone13.fr\/index.php?rest_route=%2Fwp%2Fv2%2Ftags&post=9402"}],"curies":[{"name":"wp","href":"https:\/\/api.w.org\/{rel}","templated":true}]}}