{"id":113,"count":1,"description":"","link":"https:\/\/www.comiterhone13.fr\/?tag=journee-inclusion-intergenerationnelle","name":"Journ\u00e9e inclusion interg\u00e9n\u00e9rationnelle","slug":"journee-inclusion-intergenerationnelle","taxonomy":"post_tag","meta":[],"_links":{"self":[{"href":"https:\/\/www.comiterhone13.fr\/index.php?rest_route=\/wp\/v2\/tags\/113"}],"collection":[{"href":"https:\/\/www.comiterhone13.fr\/index.php?rest_route=\/wp\/v2\/tags"}],"about":[{"href":"https:\/\/www.comiterhone13.fr\/index.php?rest_route=\/wp\/v2\/taxonomies\/post_tag"}],"wp:post_type":[{"href":"https:\/\/www.comiterhone13.fr\/index.php?rest_route=%2Fwp%2Fv2%2Fposts&tags=113"}],"curies":[{"name":"wp","href":"https:\/\/api.w.org\/{rel}","templated":true}]}}